{"id":2875,"date":"2022-12-06T19:11:38","date_gmt":"2022-12-06T19:11:38","guid":{"rendered":"http:\/\/congregaciondesantacruz.cl\/new\/?p=2875"},"modified":"2022-12-21T19:53:24","modified_gmt":"2022-12-21T19:53:24","slug":"ana-maria-pichicona-nombrada-directora-de-colegio-nuestra-senora-de-andacollo-a-partir-de-1-de-marzo-de-2023","status":"publish","type":"post","link":"http:\/\/congregaciondesantacruz.cl\/new\/ana-maria-pichicona-nombrada-directora-de-colegio-nuestra-senora-de-andacollo-a-partir-de-1-de-marzo-de-2023\/","title":{"rendered":"Ana Mar\u00eda Pichicona Nombrada Directora de Colegio Nuestra Se\u00f1ora de Andacollo a partir de 1 de marzo de 2023"},"content":{"rendered":"<p>[et_pb_section bb_built=\u00bb1&#8243; admin_label=\u00bbsection\u00bb custom_padding_last_edited=\u00bbon|phone\u00bb _builder_version=\u00bb3.0.106&#8243; custom_margin=\u00bb|||\u00bb custom_padding=\u00bb0px|||\u00bb custom_padding_tablet=\u00bb0px|||\u00bb custom_padding_phone=\u00bb0px|||\u00bb inner_width=\u00bbauto\u00bb inner_max_width=\u00bb1280px\u00bb][et_pb_row custom_padding=\u00bb|||\u00bb custom_padding_tablet=\u00bb|||1px\u00bb custom_padding_phone=\u00bb|||5px\u00bb custom_padding_last_edited=\u00bbon|phone\u00bb _builder_version=\u00bb3.0.106&#8243; custom_margin_last_edited=\u00bbon|phone\u00bb custom_margin=\u00bb|||\u00bb width=\u00bb80%\u00bb max_width=\u00bb1280px\u00bb][et_pb_column type=\u00bb1_4&#8243; _builder_version=\u00bb3.0.47&#8243; padding_phone=\u00bb|0px||\u00bb padding_tablet=\u00bb|0px||\u00bb padding_last_edited=\u00bbon|tablet\u00bb parallax=\u00bboff\u00bb parallax_method=\u00bbon\u00bb custom_padding_tablet=\u00bb|0px||\u00bb custom_padding_phone=\u00bb|0px||\u00bb custom_padding_last_edited=\u00bbon|tablet\u00bb custom_padding__hover=\u00bb|||\u00bb custom_padding=\u00bb|||\u00bb][et_pb_image src=\u00bbhttp:\/\/congregaciondesantacruz.cl\/new\/wp-content\/uploads\/2022\/12\/ana-maria-Pichicona.jpg\u00bb show_in_lightbox=\u00bbon\u00bb _builder_version=\u00bb3.29.3&#8243; align_last_edited=\u00bbon|desktop\u00bb align_tablet=\u00bbcenter\u00bb box_shadow_horizontal_tablet=\u00bb0px\u00bb box_shadow_vertical_tablet=\u00bb0px\u00bb box_shadow_blur_tablet=\u00bb40px\u00bb box_shadow_spread_tablet=\u00bb0px\u00bb z_index_tablet=\u00bb500&#8243; \/][\/et_pb_column][et_pb_column type=\u00bb1_2&#8243; _builder_version=\u00bb3.0.47&#8243; parallax=\u00bboff\u00bb parallax_method=\u00bbon\u00bb module_class=\u00bbcolumnaDos\u00bb custom_padding__hover=\u00bb|||\u00bb custom_padding=\u00bb|||\u00bb][et_pb_post_title meta=\u00bboff\u00bb featured_image=\u00bboff\u00bb _builder_version=\u00bb3.0.106&#8243; \/][et_pb_divider color=\u00bb#c39d63&#8243; show_divider=\u00bbon\u00bb divider_weight=\u00bb3px\u00bb height=\u00bb20px\u00bb _builder_version=\u00bb3.2&#8243; max_width=\u00bb60px\u00bb module_alignment=\u00bbleft\u00bb custom_margin=\u00bb|||\u00bb custom_padding=\u00bb|||\u00bb global_module=\u00bb409&#8243; saved_tabs=\u00bball\u00bb locked=\u00bboff\u00bb text_orientation=\u00bbjustified\u00bb \/][et_pb_text _builder_version=\u00bb3.29.3&#8243; text_orientation=\u00bbjustified\u00bb text_text_shadow_horizontal_length=\u00bbtext_text_shadow_style,%91object Object%93&#8243; text_text_shadow_horizontal_length_tablet=\u00bb0px\u00bb text_text_shadow_vertical_length=\u00bbtext_text_shadow_style,%91object Object%93&#8243; text_text_shadow_vertical_length_tablet=\u00bb0px\u00bb text_text_shadow_blur_strength=\u00bbtext_text_shadow_style,%91object Object%93&#8243; text_text_shadow_blur_strength_tablet=\u00bb1px\u00bb link_text_shadow_horizontal_length=\u00bblink_text_shadow_style,%91object Object%93&#8243; link_text_shadow_horizontal_length_tablet=\u00bb0px\u00bb link_text_shadow_vertical_length=\u00bblink_text_shadow_style,%91object Object%93&#8243; link_text_shadow_vertical_length_tablet=\u00bb0px\u00bb link_text_shadow_blur_strength=\u00bblink_text_shadow_style,%91object Object%93&#8243; link_text_shadow_blur_strength_tablet=\u00bb1px\u00bb ul_text_shadow_horizontal_length=\u00bbul_text_shadow_style,%91object Object%93&#8243; ul_text_shadow_horizontal_length_tablet=\u00bb0px\u00bb ul_text_shadow_vertical_length=\u00bbul_text_shadow_style,%91object Object%93&#8243; ul_text_shadow_vertical_length_tablet=\u00bb0px\u00bb ul_text_shadow_blur_strength=\u00bbul_text_shadow_style,%91object Object%93&#8243; ul_text_shadow_blur_strength_tablet=\u00bb1px\u00bb ol_text_shadow_horizontal_length=\u00bbol_text_shadow_style,%91object Object%93&#8243; ol_text_shadow_horizontal_length_tablet=\u00bb0px\u00bb ol_text_shadow_vertical_length=\u00bbol_text_shadow_style,%91object Object%93&#8243; ol_text_shadow_vertical_length_tablet=\u00bb0px\u00bb ol_text_shadow_blur_strength=\u00bbol_text_shadow_style,%91object Object%93&#8243; ol_text_shadow_blur_strength_tablet=\u00bb1px\u00bb quote_text_shadow_horizontal_length=\u00bbquote_text_shadow_style,%91object Object%93&#8243; quote_text_shadow_horizontal_length_tablet=\u00bb0px\u00bb quote_text_shadow_vertical_length=\u00bbquote_text_shadow_style,%91object Object%93&#8243; quote_text_shadow_vertical_length_tablet=\u00bb0px\u00bb quote_text_shadow_blur_strength=\u00bbquote_text_shadow_style,%91object Object%93&#8243; quote_text_shadow_blur_strength_tablet=\u00bb1px\u00bb header_text_shadow_horizontal_length=\u00bbheader_text_shadow_style,%91object Object%93&#8243; header_text_shadow_horizontal_length_tablet=\u00bb0px\u00bb header_text_shadow_vertical_length=\u00bbheader_text_shadow_style,%91object Object%93&#8243; header_text_shadow_vertical_length_tablet=\u00bb0px\u00bb header_text_shadow_blur_strength=\u00bbheader_text_shadow_style,%91object Object%93&#8243; header_text_shadow_blur_strength_tablet=\u00bb1px\u00bb header_2_text_shadow_horizontal_length=\u00bbheader_2_text_shadow_style,%91object Object%93&#8243; header_2_text_shadow_horizontal_length_tablet=\u00bb0px\u00bb header_2_text_shadow_vertical_length=\u00bbheader_2_text_shadow_style,%91object Object%93&#8243; header_2_text_shadow_vertical_length_tablet=\u00bb0px\u00bb header_2_text_shadow_blur_strength=\u00bbheader_2_text_shadow_style,%91object Object%93&#8243; header_2_text_shadow_blur_strength_tablet=\u00bb1px\u00bb header_3_text_shadow_horizontal_length=\u00bbheader_3_text_shadow_style,%91object Object%93&#8243; header_3_text_shadow_horizontal_length_tablet=\u00bb0px\u00bb header_3_text_shadow_vertical_length=\u00bbheader_3_text_shadow_style,%91object Object%93&#8243; header_3_text_shadow_vertical_length_tablet=\u00bb0px\u00bb header_3_text_shadow_blur_strength=\u00bbheader_3_text_shadow_style,%91object Object%93&#8243; header_3_text_shadow_blur_strength_tablet=\u00bb1px\u00bb header_4_text_shadow_horizontal_length=\u00bbheader_4_text_shadow_style,%91object Object%93&#8243; header_4_text_shadow_horizontal_length_tablet=\u00bb0px\u00bb header_4_text_shadow_vertical_length=\u00bbheader_4_text_shadow_style,%91object Object%93&#8243; header_4_text_shadow_vertical_length_tablet=\u00bb0px\u00bb header_4_text_shadow_blur_strength=\u00bbheader_4_text_shadow_style,%91object Object%93&#8243; header_4_text_shadow_blur_strength_tablet=\u00bb1px\u00bb header_5_text_shadow_horizontal_length=\u00bbheader_5_text_shadow_style,%91object Object%93&#8243; header_5_text_shadow_horizontal_length_tablet=\u00bb0px\u00bb header_5_text_shadow_vertical_length=\u00bbheader_5_text_shadow_style,%91object Object%93&#8243; header_5_text_shadow_vertical_length_tablet=\u00bb0px\u00bb header_5_text_shadow_blur_strength=\u00bbheader_5_text_shadow_style,%91object Object%93&#8243; header_5_text_shadow_blur_strength_tablet=\u00bb1px\u00bb header_6_text_shadow_horizontal_length=\u00bbheader_6_text_shadow_style,%91object Object%93&#8243; header_6_text_shadow_horizontal_length_tablet=\u00bb0px\u00bb header_6_text_shadow_vertical_length=\u00bbheader_6_text_shadow_style,%91object Object%93&#8243; header_6_text_shadow_vertical_length_tablet=\u00bb0px\u00bb header_6_text_shadow_blur_strength=\u00bbheader_6_text_shadow_style,%91object Object%93&#8243; header_6_text_shadow_blur_strength_tablet=\u00bb1px\u00bb box_shadow_horizontal_tablet=\u00bb0px\u00bb box_shadow_vertical_tablet=\u00bb0px\u00bb box_shadow_blur_tablet=\u00bb40px\u00bb box_shadow_spread_tablet=\u00bb0px\u00bb z_index_tablet=\u00bb500&#8243;]<\/p>\n<p>La se\u00f1ora Ana Mar\u00eda Pichicona ha sido nombrada directora del Colegio Nuestra Se\u00f1ora de Andacollo por el Rev. Padre Jos\u00e9 E. Ahumada, C.S.C., Superior del Distrito de Chile-Per\u00fa. Asumir\u00e1 el cargo el 1 de marzo de 2023. Por estos \u00faltimos tres a\u00f1os, Ana Mar\u00eda ha servido como la Directora Interina del mismo colegio.<\/p>\n<p>\u201cLa Congregaci\u00f3n de Santa Cruz pone su confianza en Ana Mar\u00eda Pichicona Sep\u00falveda, con la firme convicci\u00f3n de que ayudada por su conocimiento y, fortalecida con su compromiso y amor por la educaci\u00f3n, har\u00e1 todo lo posible, para preservar la identidad cat\u00f3lica del colegio y mantener el sello de Santa Cruz al interior de la comunidad escolar, asegurando as\u00ed una formaci\u00f3n integral y una educaci\u00f3n de calidad de acuerdo a la realidad del colegio,\u201d dijo Padre Ahumada.<\/p>\n<p>\u201cAgradezco la confianza y la oportunidad que me ha dado la Congregaci\u00f3n\u00a0de Santa Cruz,\u201d dijo Ana Mar\u00eda. \u201cEspero transmitir\u00a0a todos y todas el anhelo de\u00a0construir un mejor espacio, un mejor colegio.\u201d<\/p>\n<p>Con este nombramiento, finaliza un proceso que se inici\u00f3 en el mes de mayo, con el nombramiento de una comisi\u00f3n de b\u00fasqueda, el levantamiento del perfil del cargo y la designaci\u00f3n de una consultora, la que, a trav\u00e9s de un proceso de entrevistas y conversaciones con la comisi\u00f3n de b\u00fasqueda, lleg\u00f3 a presentar ocho personas como posibles candidatos(as) para ocupar la direcci\u00f3n del establecimiento. Despu\u00e9s de revisar todos los informes y consultar con el Consejo del Distrito de Chile-Per\u00fa, Padre Ahumada hizo el nombramiento de Ana Mar\u00eda.<\/p>\n<p>Ana Mar\u00eda Pichicona Sep\u00falveda, es Licenciada en Educaci\u00f3n, Educadora de P\u00e1rvulos de la Pontificia Universidad Cat\u00f3lica de Chile, y Magister en Educaci\u00f3n con Menci\u00f3n en Curr\u00edculum y Evaluaci\u00f3n de la Universidad Mayor.<\/p>\n<p>Ana Mar\u00eda empez\u00f3 su carrera profesional en el Colegio Juan Francisco Fresno de la Fundaci\u00f3n Bel\u00e9n Educa en 2002 como educadora de p\u00e1rvulos. En 2005 asumi\u00f3 el cargo de coordinadora pedag\u00f3gica en el mismo colegio, y agreg\u00f3 en 2008 la responsabilidad de encargada de Ley SEP, que incluy\u00f3 la elaboraci\u00f3n del diagn\u00f3stico y del plan de mejoramiento para los niveles de prek\u00ednder a octavo b\u00e1sico.<\/p>\n<p>En 2010, Ana Mar\u00eda fue a trabajar en Boston College en La Florida como jefe de la unidad t\u00e9cnica pedag\u00f3gica.<\/p>\n<p>En octubre de 2011 lleg\u00f3 al Colegio Nuestra Se\u00f1ora de Andacollo, primero como directora de curr\u00edculum y en marzo 2013 asumi\u00f3 el cargo de directora del primer ciclo. Estaba ejerciendo este cargo en marzo 2019 cuando fue nombrada directora interina del colegio.<\/p>\n<p>\u201cLa Congregaci\u00f3n de Santa Cruz agradece el servicio que Ana Mar\u00eda ha prestado como directora interina durante los \u00faltimos tres a\u00f1os a la comunidad escolar,\u201d dijo Padre Ahumada. \u201cDurante este periodo, ha liderado el colegio con una actitud de compromiso, perseverancia y visi\u00f3n, para enfrentar una realidad dif\u00edcil marcada por el estallido social, seguida de una pandemia que tuvo en un estado de mucha incertidumbre y dolor a nuestro pa\u00eds y buena parte de la humanidad.\u201d<\/p>\n<p>Mirando hacia el futuro, el Padre Ahumada agreg\u00f3: \u201cAgradecidos por la disponibilidad y generosidad de Ana Mar\u00eda, para servir en los pr\u00f3ximos a\u00f1os como Directora, pedimos a cada persona que integra la comunidad escolar, apoyar su gesti\u00f3n, y ser verdaderos colaboradores en la gran misi\u00f3n que el colegio tiene como comunidad educativa.\u201d<\/p>\n<p>Creyendo que la educaci\u00f3n es una \u201cobra de resurrecci\u00f3n,\u201d la Congregaci\u00f3n de Santa Cruz est\u00e1 comprometida con la formaci\u00f3n de los mentes y corazones para que las nuevas generaciones tengan la habilidad para ver y el valor para actuar en la Iglesia y el mundo de hoy. Con este carisma, y al pedido del Arzobispado de Santiago, la Congregaci\u00f3n se ha encargado de la misi\u00f3n y administraci\u00f3n del Colegio Nuestra Se\u00f1ora de Andacollo desde el a\u00f1o 1976.<\/p>\n<p>[\/et_pb_text][et_pb_divider color=\u00bb#c39d63&#8243; show_divider=\u00bbon\u00bb divider_weight=\u00bb3px\u00bb height=\u00bb20px\u00bb _builder_version=\u00bb3.2&#8243; max_width=\u00bb60px\u00bb module_alignment=\u00bbleft\u00bb custom_margin=\u00bb|||\u00bb custom_padding=\u00bb|||\u00bb global_module=\u00bb409&#8243; saved_tabs=\u00bball\u00bb locked=\u00bboff\u00bb text_orientation=\u00bbjustified\u00bb \/][\/et_pb_column][et_pb_column type=\u00bb1_4&#8243; _builder_version=\u00bb3.0.47&#8243; parallax=\u00bboff\u00bb parallax_method=\u00bbon\u00bb custom_padding__hover=\u00bb|||\u00bb custom_padding=\u00bb|||\u00bb][et_pb_sidebar orientation=\u00bbright\u00bb area=\u00bbsidebar-1&#8243; disabled_on=\u00bbon|on|off\u00bb _builder_version=\u00bb3.0.106&#8243; header_font=\u00bb|||on|||||\u00bb header_font_size=\u00bb15px\u00bb header_text_color=\u00bb#c39d63&#8243; body_font=\u00bb||||||||\u00bb body_line_height=\u00bb1.5em\u00bb global_module=\u00bb382&#8243; saved_tabs=\u00bball\u00bb \/][\/et_pb_column][\/et_pb_row][\/et_pb_section]<\/p>\n","protected":false},"excerpt":{"rendered":"<p>[et_pb_section bb_built=\u00bb1&#8243; admin_label=\u00bbsection\u00bb custom_padding_last_edited=\u00bbon|phone\u00bb _builder_version=\u00bb3.0.106&#8243; custom_margin=\u00bb|||\u00bb custom_padding=\u00bb0px|||\u00bb custom_padding_tablet=\u00bb0px|||\u00bb custom_padding_phone=\u00bb0px|||\u00bb inner_width=\u00bbauto\u00bb inner_max_width=\u00bb1280px\u00bb][et_pb_row custom_padding=\u00bb|||\u00bb custom_padding_tablet=\u00bb|||1px\u00bb custom_padding_phone=\u00bb|||5px\u00bb custom_padding_last_edited=\u00bbon|phone\u00bb _builder_version=\u00bb3.0.106&#8243; custom_margin_last_edited=\u00bbon|phone\u00bb custom_margin=\u00bb|||\u00bb width=\u00bb80%\u00bb max_width=\u00bb1280px\u00bb][et_pb_column type=\u00bb1_4&#8243; _builder_version=\u00bb3.0.47&#8243; padding_phone=\u00bb|0px||\u00bb padding_tablet=\u00bb|0px||\u00bb padding_last_edited=\u00bbon|tablet\u00bb parallax=\u00bboff\u00bb parallax_method=\u00bbon\u00bb custom_padding_tablet=\u00bb|0px||\u00bb custom_padding_phone=\u00bb|0px||\u00bb custom_padding_last_edited=\u00bbon|tablet\u00bb custom_padding__hover=\u00bb|||\u00bb custom_padding=\u00bb|||\u00bb][et_pb_image src=\u00bbhttp:\/\/congregaciondesantacruz.cl\/new\/wp-content\/uploads\/2022\/12\/ana-maria-Pichicona.jpg\u00bb show_in_lightbox=\u00bbon\u00bb _builder_version=\u00bb3.29.3&#8243; align_last_edited=\u00bbon|desktop\u00bb align_tablet=\u00bbcenter\u00bb box_shadow_horizontal_tablet=\u00bb0px\u00bb box_shadow_vertical_tablet=\u00bb0px\u00bb box_shadow_blur_tablet=\u00bb40px\u00bb box_shadow_spread_tablet=\u00bb0px\u00bb z_index_tablet=\u00bb500&#8243; \/][\/et_pb_column][et_pb_column type=\u00bb1_2&#8243; _builder_version=\u00bb3.0.47&#8243; parallax=\u00bboff\u00bb parallax_method=\u00bbon\u00bb module_class=\u00bbcolumnaDos\u00bb custom_padding__hover=\u00bb|||\u00bb custom_padding=\u00bb|||\u00bb][et_pb_post_title meta=\u00bboff\u00bb featured_image=\u00bboff\u00bb _builder_version=\u00bb3.0.106&#8243; \/][et_pb_divider color=\u00bb#c39d63&#8243; [&hellip;]<\/p>\n","protected":false},"author":1,"featured_media":2876,"comment_status":"closed","ping_status":"closed","sticky":false,"template":"","format":"standard","meta":{"_et_pb_use_builder":"on","_et_pb_old_content":""},"categories":[6],"tags":[],"_links":{"self":[{"href":"http:\/\/congregaciondesantacruz.cl\/new\/wp-json\/wp\/v2\/posts\/2875"}],"collection":[{"href":"http:\/\/congregaciondesantacruz.cl\/new\/wp-json\/wp\/v2\/posts"}],"about":[{"href":"http:\/\/congregaciondesantacruz.cl\/new\/wp-json\/wp\/v2\/types\/post"}],"author":[{"embeddable":true,"href":"http:\/\/congregaciondesantacruz.cl\/new\/wp-json\/wp\/v2\/users\/1"}],"replies":[{"embeddable":true,"href":"http:\/\/congregaciondesantacruz.cl\/new\/wp-json\/wp\/v2\/comments?post=2875"}],"version-history":[{"count":2,"href":"http:\/\/congregaciondesantacruz.cl\/new\/wp-json\/wp\/v2\/posts\/2875\/revisions"}],"predecessor-version":[{"id":2878,"href":"http:\/\/congregaciondesantacruz.cl\/new\/wp-json\/wp\/v2\/posts\/2875\/revisions\/2878"}],"wp:featuredmedia":[{"embeddable":true,"href":"http:\/\/congregaciondesantacruz.cl\/new\/wp-json\/wp\/v2\/media\/2876"}],"wp:attachment":[{"href":"http:\/\/congregaciondesantacruz.cl\/new\/wp-json\/wp\/v2\/media?parent=2875"}],"wp:term":[{"taxonomy":"category","embeddable":true,"href":"http:\/\/congregaciondesantacruz.cl\/new\/wp-json\/wp\/v2\/categories?post=2875"},{"taxonomy":"post_tag","embeddable":true,"href":"http:\/\/congregaciondesantacruz.cl\/new\/wp-json\/wp\/v2\/tags?post=2875"}],"curies":[{"name":"wp","href":"https:\/\/api.w.org\/{rel}","templated":true}]}}