{"id":2879,"date":"2022-12-06T20:38:53","date_gmt":"2022-12-06T20:38:53","guid":{"rendered":"http:\/\/congregaciondesantacruz.cl\/new\/?p=2879"},"modified":"2022-12-21T19:53:15","modified_gmt":"2022-12-21T19:53:15","slug":"paula-noemi-callejas-nombrada-rectora-de-saint-georges-college-a-partir-de-1-de-marzo-de-2023","status":"publish","type":"post","link":"http:\/\/congregaciondesantacruz.cl\/new\/paula-noemi-callejas-nombrada-rectora-de-saint-georges-college-a-partir-de-1-de-marzo-de-2023\/","title":{"rendered":"Paula Noem\u00ed Callejas Nombrada Rectora de Saint George\u2019s College a partir de 1 de marzo de 2023"},"content":{"rendered":"<p>[et_pb_section bb_built=\u00bb1&#8243; admin_label=\u00bbsection\u00bb custom_padding_last_edited=\u00bbon|phone\u00bb _builder_version=\u00bb3.0.106&#8243; custom_margin=\u00bb|||\u00bb custom_padding=\u00bb0px|||\u00bb custom_padding_tablet=\u00bb0px|||\u00bb custom_padding_phone=\u00bb0px|||\u00bb inner_width=\u00bbauto\u00bb inner_max_width=\u00bb1280px\u00bb][et_pb_row custom_padding=\u00bb|||\u00bb custom_padding_tablet=\u00bb|||1px\u00bb custom_padding_phone=\u00bb|||5px\u00bb custom_padding_last_edited=\u00bbon|phone\u00bb _builder_version=\u00bb3.0.106&#8243; custom_margin_last_edited=\u00bbon|phone\u00bb custom_margin=\u00bb|||\u00bb width=\u00bb80%\u00bb max_width=\u00bb1280px\u00bb][et_pb_column type=\u00bb1_4&#8243; _builder_version=\u00bb3.0.47&#8243; padding_phone=\u00bb|0px||\u00bb padding_tablet=\u00bb|0px||\u00bb padding_last_edited=\u00bbon|tablet\u00bb parallax=\u00bboff\u00bb parallax_method=\u00bbon\u00bb custom_padding_tablet=\u00bb|0px||\u00bb custom_padding_phone=\u00bb|0px||\u00bb custom_padding_last_edited=\u00bbon|tablet\u00bb custom_padding__hover=\u00bb|||\u00bb custom_padding=\u00bb|||\u00bb][et_pb_image src=\u00bbhttp:\/\/congregaciondesantacruz.cl\/new\/wp-content\/uploads\/2022\/12\/noemi.jpg\u00bb show_in_lightbox=\u00bbon\u00bb _builder_version=\u00bb3.29.3&#8243; align_last_edited=\u00bbon|desktop\u00bb align_tablet=\u00bbcenter\u00bb box_shadow_horizontal_tablet=\u00bb0px\u00bb box_shadow_vertical_tablet=\u00bb0px\u00bb box_shadow_blur_tablet=\u00bb40px\u00bb box_shadow_spread_tablet=\u00bb0px\u00bb z_index_tablet=\u00bb500&#8243; \/][\/et_pb_column][et_pb_column type=\u00bb1_2&#8243; _builder_version=\u00bb3.0.47&#8243; parallax=\u00bboff\u00bb parallax_method=\u00bbon\u00bb module_class=\u00bbcolumnaDos\u00bb custom_padding__hover=\u00bb|||\u00bb custom_padding=\u00bb|||\u00bb][et_pb_post_title meta=\u00bboff\u00bb featured_image=\u00bboff\u00bb _builder_version=\u00bb3.0.106&#8243; \/][et_pb_divider color=\u00bb#c39d63&#8243; show_divider=\u00bbon\u00bb divider_weight=\u00bb3px\u00bb height=\u00bb20px\u00bb _builder_version=\u00bb3.2&#8243; max_width=\u00bb60px\u00bb module_alignment=\u00bbleft\u00bb custom_margin=\u00bb|||\u00bb custom_padding=\u00bb|||\u00bb global_module=\u00bb409&#8243; saved_tabs=\u00bball\u00bb locked=\u00bboff\u00bb text_orientation=\u00bbjustified\u00bb \/][et_pb_text _builder_version=\u00bb3.29.3&#8243; text_orientation=\u00bbjustified\u00bb text_text_shadow_horizontal_length=\u00bbtext_text_shadow_style,%91object Object%93&#8243; text_text_shadow_horizontal_length_tablet=\u00bb0px\u00bb text_text_shadow_vertical_length=\u00bbtext_text_shadow_style,%91object Object%93&#8243; text_text_shadow_vertical_length_tablet=\u00bb0px\u00bb text_text_shadow_blur_strength=\u00bbtext_text_shadow_style,%91object Object%93&#8243; text_text_shadow_blur_strength_tablet=\u00bb1px\u00bb link_text_shadow_horizontal_length=\u00bblink_text_shadow_style,%91object Object%93&#8243; link_text_shadow_horizontal_length_tablet=\u00bb0px\u00bb link_text_shadow_vertical_length=\u00bblink_text_shadow_style,%91object Object%93&#8243; link_text_shadow_vertical_length_tablet=\u00bb0px\u00bb link_text_shadow_blur_strength=\u00bblink_text_shadow_style,%91object Object%93&#8243; link_text_shadow_blur_strength_tablet=\u00bb1px\u00bb ul_text_shadow_horizontal_length=\u00bbul_text_shadow_style,%91object Object%93&#8243; ul_text_shadow_horizontal_length_tablet=\u00bb0px\u00bb ul_text_shadow_vertical_length=\u00bbul_text_shadow_style,%91object Object%93&#8243; ul_text_shadow_vertical_length_tablet=\u00bb0px\u00bb ul_text_shadow_blur_strength=\u00bbul_text_shadow_style,%91object Object%93&#8243; ul_text_shadow_blur_strength_tablet=\u00bb1px\u00bb ol_text_shadow_horizontal_length=\u00bbol_text_shadow_style,%91object Object%93&#8243; ol_text_shadow_horizontal_length_tablet=\u00bb0px\u00bb ol_text_shadow_vertical_length=\u00bbol_text_shadow_style,%91object Object%93&#8243; ol_text_shadow_vertical_length_tablet=\u00bb0px\u00bb ol_text_shadow_blur_strength=\u00bbol_text_shadow_style,%91object Object%93&#8243; ol_text_shadow_blur_strength_tablet=\u00bb1px\u00bb quote_text_shadow_horizontal_length=\u00bbquote_text_shadow_style,%91object Object%93&#8243; quote_text_shadow_horizontal_length_tablet=\u00bb0px\u00bb quote_text_shadow_vertical_length=\u00bbquote_text_shadow_style,%91object Object%93&#8243; quote_text_shadow_vertical_length_tablet=\u00bb0px\u00bb quote_text_shadow_blur_strength=\u00bbquote_text_shadow_style,%91object Object%93&#8243; quote_text_shadow_blur_strength_tablet=\u00bb1px\u00bb header_text_shadow_horizontal_length=\u00bbheader_text_shadow_style,%91object Object%93&#8243; header_text_shadow_horizontal_length_tablet=\u00bb0px\u00bb header_text_shadow_vertical_length=\u00bbheader_text_shadow_style,%91object Object%93&#8243; header_text_shadow_vertical_length_tablet=\u00bb0px\u00bb header_text_shadow_blur_strength=\u00bbheader_text_shadow_style,%91object Object%93&#8243; header_text_shadow_blur_strength_tablet=\u00bb1px\u00bb header_2_text_shadow_horizontal_length=\u00bbheader_2_text_shadow_style,%91object Object%93&#8243; header_2_text_shadow_horizontal_length_tablet=\u00bb0px\u00bb header_2_text_shadow_vertical_length=\u00bbheader_2_text_shadow_style,%91object Object%93&#8243; header_2_text_shadow_vertical_length_tablet=\u00bb0px\u00bb header_2_text_shadow_blur_strength=\u00bbheader_2_text_shadow_style,%91object Object%93&#8243; header_2_text_shadow_blur_strength_tablet=\u00bb1px\u00bb header_3_text_shadow_horizontal_length=\u00bbheader_3_text_shadow_style,%91object Object%93&#8243; header_3_text_shadow_horizontal_length_tablet=\u00bb0px\u00bb header_3_text_shadow_vertical_length=\u00bbheader_3_text_shadow_style,%91object Object%93&#8243; header_3_text_shadow_vertical_length_tablet=\u00bb0px\u00bb header_3_text_shadow_blur_strength=\u00bbheader_3_text_shadow_style,%91object Object%93&#8243; header_3_text_shadow_blur_strength_tablet=\u00bb1px\u00bb header_4_text_shadow_horizontal_length=\u00bbheader_4_text_shadow_style,%91object Object%93&#8243; header_4_text_shadow_horizontal_length_tablet=\u00bb0px\u00bb header_4_text_shadow_vertical_length=\u00bbheader_4_text_shadow_style,%91object Object%93&#8243; header_4_text_shadow_vertical_length_tablet=\u00bb0px\u00bb header_4_text_shadow_blur_strength=\u00bbheader_4_text_shadow_style,%91object Object%93&#8243; header_4_text_shadow_blur_strength_tablet=\u00bb1px\u00bb header_5_text_shadow_horizontal_length=\u00bbheader_5_text_shadow_style,%91object Object%93&#8243; header_5_text_shadow_horizontal_length_tablet=\u00bb0px\u00bb header_5_text_shadow_vertical_length=\u00bbheader_5_text_shadow_style,%91object Object%93&#8243; header_5_text_shadow_vertical_length_tablet=\u00bb0px\u00bb header_5_text_shadow_blur_strength=\u00bbheader_5_text_shadow_style,%91object Object%93&#8243; header_5_text_shadow_blur_strength_tablet=\u00bb1px\u00bb header_6_text_shadow_horizontal_length=\u00bbheader_6_text_shadow_style,%91object Object%93&#8243; header_6_text_shadow_horizontal_length_tablet=\u00bb0px\u00bb header_6_text_shadow_vertical_length=\u00bbheader_6_text_shadow_style,%91object Object%93&#8243; header_6_text_shadow_vertical_length_tablet=\u00bb0px\u00bb header_6_text_shadow_blur_strength=\u00bbheader_6_text_shadow_style,%91object Object%93&#8243; header_6_text_shadow_blur_strength_tablet=\u00bb1px\u00bb box_shadow_horizontal_tablet=\u00bb0px\u00bb box_shadow_vertical_tablet=\u00bb0px\u00bb box_shadow_blur_tablet=\u00bb40px\u00bb box_shadow_spread_tablet=\u00bb0px\u00bb z_index_tablet=\u00bb500&#8243;]<\/p>\n<p>La se\u00f1ora Paula Noem\u00ed Callejas ha sido nombrada Rectora de Saint George\u2019s College por el Rev. Padre William M. Lies, C.S.C., Superior de la Provincia de los Hermanos y Sacerdotes de los Estados Unidos. Asumir\u00e1 el cargo el 1 de marzo de 2023.<\/p>\n<p>Paula reemplazar\u00e1 a la Se\u00f1ora Macarena Lopez Zabala que ha servido este a\u00f1o como Rectora Interina del colegio. Macarena continuar\u00e1 como vice-rectora y miembro del Equipo Directivo de Saint George\u2019s College.<\/p>\n<p>\u201cLa Congregaci\u00f3n de Santa Cruz y el Saint George\u2019s College, le dan una calurosa bienvenida a Paula,\u201d dijo el Rev. Padre Jos\u00e9 E. Ahumada, C.S.C., Superior del Distrito de Chile-Per\u00fa. \u201cPido que como comunidad georgiana que nos unamos en oraci\u00f3n por Paula, por su familia y por el colegio, para continuar avanzando en nuestra misi\u00f3n urgente de entregar a las nuevas generaciones una formaci\u00f3n integral y cristiana de la persona, preparando ciudadanos competentes y cristianos comprometidos con la transformaci\u00f3n de la sociedad en una m\u00e1s justa y humana.\u201d<\/p>\n<p>\u201cVolver al Saint George\u2019s College es una regalo de Dios, es volver a la \u2018alma mater\u2019 lugar donde crec\u00ed, me nutr\u00ed y am\u00e9 la vida,\u201d dijo Paula. \u201cVuelvo honrada, con mucha humildad y responsabilidad.\u201d<\/p>\n<p>El nombramiento de Paula como Rectora de Saint George\u2019s College es el resultado de un extenso proceso que empez\u00f3 durante el primer semestre de 2022 cuando el Padre Ahumada \u00a0form\u00f3 un comit\u00e9 de b\u00fasqueda compuesto por ex alumnos, apoderados, y personas que tienen muchos a\u00f1os de participaci\u00f3n en diferentes instancias del colegio.<\/p>\n<p>El comit\u00e9 empez\u00f3 con una consulta a la comunidad escolar con el fin de recoger las cualidades y aptitudes que deber\u00eda tener la persona que asumiera la responsabilidad de la rector\u00eda. Luego de un largo proceso de entrevista a muchos posibles candidatos y candidatas, el comit\u00e9 propuso cuatro personas capacitadas para ocupar este cargo. Despu\u00e9s de revisar los antecedentes y los varios informes hechos por los entrevistadores, adem\u00e1s de sus propias entrevistas, Padre Ahumada present\u00f3 a los cuatro candidatos al Padre Lies y su consejo.<\/p>\n<p>Paula es ex alumna de Saint George\u2019s College, generaci\u00f3n 81. Es educadora de p\u00e1rvulos de la Pontificia Universidad Cat\u00f3lica de Chile, donde tambi\u00e9n hizo estudios de Teolog\u00eda. Recibi\u00f3 el t\u00edtulo de Master in Arts of Education de Boston University, School of Education, es egresada del Magister en Gesti\u00f3n y Direcci\u00f3n Escolar en la Universidad Alberto Hurtado de Chile y tiene un diplomado en Gerencia Social Ignaciana, en la Pontificia Universidad Javeriana (Bogot\u00e1-Colombia).<\/p>\n<p>Su experiencia profesional empez\u00f3 en el Colegio San Esteban Di\u00e1cono en Santiago como educadora y coordinadora del \u00e1rea preescolar. Despu\u00e9s de trabajar algunos a\u00f1os con fundaciones educacionales como directora t\u00e9cnica y consultora, y tambi\u00e9n tres a\u00f1os como acad\u00e9mica e investigadora en el Centro de Investigaci\u00f3n y Desarrollo de la Educaci\u00f3n (CIDE), lleg\u00f3 a Saint George\u2019s College en 2002 como asesora y despu\u00e9s vice-rectora.<\/p>\n<p>Durante este periodo, con la participaci\u00f3n de la comunidad escolar, Paula dise\u00f1\u00f3 e implement\u00f3 el primer plan estrat\u00e9gico en la historia del colegio. Tambi\u00e9n dise\u00f1\u00f3 y ejecut\u00f3 la actualizaci\u00f3n del Proyecto Educativo Institucional. Ambos fueron aprobados por la Congregaci\u00f3n de Santa Cruz.<\/p>\n<p>En 2008 fue a trabajar como directora ejecutiva y asesora de la Fundaci\u00f3n Educacional Chuquicamata en Calama.<\/p>\n<p>Entre 2013-2016, fue miembro y directora sistema de calidad en la gesti\u00f3n escolar de la Federaci\u00f3n Latinoamericana de Colegios de la Compa\u00f1\u00eda de Jes\u00fas (FLACSI). En estos a\u00f1os, particip\u00f3 en el dise\u00f1o del proyecto del sistema de calidad en la gesti\u00f3n escolar. Como directora, estuvo a cargo de presentar y animar a los equipos de 92 colegios en los diferentes pa\u00edses y de formar a un grupo de 35 facilitadores regionales.<\/p>\n<p>Desde 2017 hasta hoy, es la directora del Colegio Dunalastair Sede Las Condes. Lider\u00f3 un proyecto de innovaci\u00f3n, implementando el programa Project Based Learning desde quinto b\u00e1sico a primero medio.<\/p>\n<p>A la vez que la Congregaci\u00f3n da la bienvenida a Paula, tambi\u00e9n expresa su gratitud a Macarena por todo su trabajo en Saint George\u2019s College como rectora interina durante este a\u00f1o.<\/p>\n<p>\u201cQuiero agradecer profundamente la labor que este a\u00f1o ha realizado la Sra. Macarena L\u00f3pez como rectora interina. Su conocimiento del colegio, su empat\u00eda y cari\u00f1o con los estudiantes, y su apoyo a la labor de los docentes y directivos, le ha permitido cumplir con distinci\u00f3n la tarea encomendada,\u201d dijo el Padre Lies.<\/p>\n<p>La Congregaci\u00f3n de Santa Cruz lleg\u00f3 a Chile en 1943 por petici\u00f3n del Arzobispado de Santiago para asumir la misi\u00f3n y administraci\u00f3n de Saint George\u2019s College, que hab\u00eda sido fundado en 1936 para dar una educaci\u00f3n cat\u00f3lica en ingl\u00e9s en la capital de Chile. Bajo el carisma y liderazgo de la Congregaci\u00f3n de Santa Cruz y junto con sus colaboradores, Saint George\u2019s College ha llegado a ser un referente importante no solo en la educaci\u00f3n cat\u00f3lica en Chile, sino tambi\u00e9n en la educaci\u00f3n en general, por sus innovaciones pedag\u00f3gicas y su compromiso social. Esta formaci\u00f3n es consistente con el carisma de la Congregaci\u00f3n de Santa Cruz que entiende que la educaci\u00f3n es \u201cuna obra de resurrecci\u00f3n,\u201d levantando a individuos y sociedades a nueva vida.<\/p>\n<p>[\/et_pb_text][et_pb_divider color=\u00bb#c39d63&#8243; show_divider=\u00bbon\u00bb divider_weight=\u00bb3px\u00bb height=\u00bb20px\u00bb _builder_version=\u00bb3.2&#8243; max_width=\u00bb60px\u00bb module_alignment=\u00bbleft\u00bb custom_margin=\u00bb|||\u00bb custom_padding=\u00bb|||\u00bb global_module=\u00bb409&#8243; saved_tabs=\u00bball\u00bb locked=\u00bboff\u00bb text_orientation=\u00bbjustified\u00bb \/][\/et_pb_column][et_pb_column type=\u00bb1_4&#8243; _builder_version=\u00bb3.0.47&#8243; parallax=\u00bboff\u00bb parallax_method=\u00bbon\u00bb custom_padding__hover=\u00bb|||\u00bb custom_padding=\u00bb|||\u00bb][et_pb_sidebar orientation=\u00bbright\u00bb area=\u00bbsidebar-1&#8243; disabled_on=\u00bbon|on|off\u00bb _builder_version=\u00bb3.0.106&#8243; header_font=\u00bb|||on|||||\u00bb header_font_size=\u00bb15px\u00bb header_text_color=\u00bb#c39d63&#8243; body_font=\u00bb||||||||\u00bb body_line_height=\u00bb1.5em\u00bb global_module=\u00bb382&#8243; saved_tabs=\u00bball\u00bb \/][\/et_pb_column][\/et_pb_row][\/et_pb_section]<\/p>\n","protected":false},"excerpt":{"rendered":"<p>[et_pb_section bb_built=\u00bb1&#8243; admin_label=\u00bbsection\u00bb custom_padding_last_edited=\u00bbon|phone\u00bb _builder_version=\u00bb3.0.106&#8243; custom_margin=\u00bb|||\u00bb custom_padding=\u00bb0px|||\u00bb custom_padding_tablet=\u00bb0px|||\u00bb custom_padding_phone=\u00bb0px|||\u00bb inner_width=\u00bbauto\u00bb inner_max_width=\u00bb1280px\u00bb][et_pb_row custom_padding=\u00bb|||\u00bb custom_padding_tablet=\u00bb|||1px\u00bb custom_padding_phone=\u00bb|||5px\u00bb custom_padding_last_edited=\u00bbon|phone\u00bb _builder_version=\u00bb3.0.106&#8243; custom_margin_last_edited=\u00bbon|phone\u00bb custom_margin=\u00bb|||\u00bb width=\u00bb80%\u00bb max_width=\u00bb1280px\u00bb][et_pb_column type=\u00bb1_4&#8243; _builder_version=\u00bb3.0.47&#8243; padding_phone=\u00bb|0px||\u00bb padding_tablet=\u00bb|0px||\u00bb padding_last_edited=\u00bbon|tablet\u00bb parallax=\u00bboff\u00bb parallax_method=\u00bbon\u00bb custom_padding_tablet=\u00bb|0px||\u00bb custom_padding_phone=\u00bb|0px||\u00bb custom_padding_last_edited=\u00bbon|tablet\u00bb custom_padding__hover=\u00bb|||\u00bb custom_padding=\u00bb|||\u00bb][et_pb_image src=\u00bbhttp:\/\/congregaciondesantacruz.cl\/new\/wp-content\/uploads\/2022\/12\/noemi.jpg\u00bb show_in_lightbox=\u00bbon\u00bb _builder_version=\u00bb3.29.3&#8243; align_last_edited=\u00bbon|desktop\u00bb align_tablet=\u00bbcenter\u00bb box_shadow_horizontal_tablet=\u00bb0px\u00bb box_shadow_vertical_tablet=\u00bb0px\u00bb box_shadow_blur_tablet=\u00bb40px\u00bb box_shadow_spread_tablet=\u00bb0px\u00bb z_index_tablet=\u00bb500&#8243; \/][\/et_pb_column][et_pb_column type=\u00bb1_2&#8243; _builder_version=\u00bb3.0.47&#8243; parallax=\u00bboff\u00bb parallax_method=\u00bbon\u00bb module_class=\u00bbcolumnaDos\u00bb custom_padding__hover=\u00bb|||\u00bb custom_padding=\u00bb|||\u00bb][et_pb_post_title meta=\u00bboff\u00bb featured_image=\u00bboff\u00bb _builder_version=\u00bb3.0.106&#8243; \/][et_pb_divider color=\u00bb#c39d63&#8243; [&hellip;]<\/p>\n","protected":false},"author":1,"featured_media":2872,"comment_status":"closed","ping_status":"closed","sticky":false,"template":"","format":"standard","meta":{"_et_pb_use_builder":"on","_et_pb_old_content":""},"categories":[6],"tags":[],"_links":{"self":[{"href":"http:\/\/congregaciondesantacruz.cl\/new\/wp-json\/wp\/v2\/posts\/2879"}],"collection":[{"href":"http:\/\/congregaciondesantacruz.cl\/new\/wp-json\/wp\/v2\/posts"}],"about":[{"href":"http:\/\/congregaciondesantacruz.cl\/new\/wp-json\/wp\/v2\/types\/post"}],"author":[{"embeddable":true,"href":"http:\/\/congregaciondesantacruz.cl\/new\/wp-json\/wp\/v2\/users\/1"}],"replies":[{"embeddable":true,"href":"http:\/\/congregaciondesantacruz.cl\/new\/wp-json\/wp\/v2\/comments?post=2879"}],"version-history":[{"count":1,"href":"http:\/\/congregaciondesantacruz.cl\/new\/wp-json\/wp\/v2\/posts\/2879\/revisions"}],"predecessor-version":[{"id":2880,"href":"http:\/\/congregaciondesantacruz.cl\/new\/wp-json\/wp\/v2\/posts\/2879\/revisions\/2880"}],"wp:featuredmedia":[{"embeddable":true,"href":"http:\/\/congregaciondesantacruz.cl\/new\/wp-json\/wp\/v2\/media\/2872"}],"wp:attachment":[{"href":"http:\/\/congregaciondesantacruz.cl\/new\/wp-json\/wp\/v2\/media?parent=2879"}],"wp:term":[{"taxonomy":"category","embeddable":true,"href":"http:\/\/congregaciondesantacruz.cl\/new\/wp-json\/wp\/v2\/categories?post=2879"},{"taxonomy":"post_tag","embeddable":true,"href":"http:\/\/congregaciondesantacruz.cl\/new\/wp-json\/wp\/v2\/tags?post=2879"}],"curies":[{"name":"wp","href":"https:\/\/api.w.org\/{rel}","templated":true}]}}