{"id":2881,"date":"2022-12-06T20:49:43","date_gmt":"2022-12-06T20:49:43","guid":{"rendered":"http:\/\/congregaciondesantacruz.cl\/new\/?p=2881"},"modified":"2022-12-21T19:52:56","modified_gmt":"2022-12-21T19:52:56","slug":"jim-gutierrez-ordenado-sacerdote-en-el-colegio-fe-y-alegria-25-de-peru","status":"publish","type":"post","link":"http:\/\/congregaciondesantacruz.cl\/new\/jim-gutierrez-ordenado-sacerdote-en-el-colegio-fe-y-alegria-25-de-peru\/","title":{"rendered":"Jim Guti\u00e9rrez ordenado sacerdote en el Colegio Fe y Alegr\u00eda 25 de Per\u00fa"},"content":{"rendered":"<p>[et_pb_section bb_built=\u00bb1&#8243; admin_label=\u00bbsection\u00bb custom_padding_last_edited=\u00bbon|phone\u00bb _builder_version=\u00bb3.0.106&#8243; custom_margin=\u00bb|||\u00bb custom_padding=\u00bb0px|||\u00bb custom_padding_tablet=\u00bb0px|||\u00bb custom_padding_phone=\u00bb0px|||\u00bb inner_width=\u00bbauto\u00bb inner_max_width=\u00bb1280px\u00bb][et_pb_row custom_padding=\u00bb|||\u00bb custom_padding_tablet=\u00bb|||1px\u00bb custom_padding_phone=\u00bb|||5px\u00bb custom_padding_last_edited=\u00bbon|phone\u00bb _builder_version=\u00bb3.0.106&#8243; custom_margin_last_edited=\u00bbon|phone\u00bb custom_margin=\u00bb|||\u00bb width=\u00bb80%\u00bb max_width=\u00bb1280px\u00bb][et_pb_column type=\u00bb1_4&#8243; _builder_version=\u00bb3.0.47&#8243; padding_phone=\u00bb|0px||\u00bb padding_tablet=\u00bb|0px||\u00bb padding_last_edited=\u00bbon|tablet\u00bb parallax=\u00bboff\u00bb parallax_method=\u00bbon\u00bb custom_padding_tablet=\u00bb|0px||\u00bb custom_padding_phone=\u00bb|0px||\u00bb custom_padding_last_edited=\u00bbon|tablet\u00bb custom_padding__hover=\u00bb|||\u00bb custom_padding=\u00bb|||\u00bb][et_pb_image show_in_lightbox=\u00bbon\u00bb _builder_version=\u00bb3.29.3&#8243; align_last_edited=\u00bbon|desktop\u00bb align_tablet=\u00bbcenter\u00bb box_shadow_horizontal_tablet=\u00bb0px\u00bb box_shadow_vertical_tablet=\u00bb0px\u00bb box_shadow_blur_tablet=\u00bb40px\u00bb box_shadow_spread_tablet=\u00bb0px\u00bb z_index_tablet=\u00bb500&#8243; src=\u00bbhttp:\/\/congregaciondesantacruz.cl\/new\/wp-content\/uploads\/2022\/12\/PHOTO-2022-12-05-18-07-28-1.jpg\u00bb \/][\/et_pb_column][et_pb_column type=\u00bb1_2&#8243; _builder_version=\u00bb3.0.47&#8243; parallax=\u00bboff\u00bb parallax_method=\u00bbon\u00bb module_class=\u00bbcolumnaDos\u00bb custom_padding__hover=\u00bb|||\u00bb custom_padding=\u00bb|||\u00bb][et_pb_post_title featured_image=\u00bboff\u00bb _builder_version=\u00bb3.29.3&#8243; author=\u00bboff\u00bb categories=\u00bboff\u00bb comments=\u00bboff\u00bb text_shadow_horizontal_length=\u00bbtext_shadow_style,%91object Object%93&#8243; text_shadow_horizontal_length_tablet=\u00bb0px\u00bb text_shadow_vertical_length=\u00bbtext_shadow_style,%91object Object%93&#8243; text_shadow_vertical_length_tablet=\u00bb0px\u00bb text_shadow_blur_strength=\u00bbtext_shadow_style,%91object Object%93&#8243; text_shadow_blur_strength_tablet=\u00bb1px\u00bb title_text_shadow_horizontal_length=\u00bbtitle_text_shadow_style,%91object Object%93&#8243; title_text_shadow_horizontal_length_tablet=\u00bb0px\u00bb title_text_shadow_vertical_length=\u00bbtitle_text_shadow_style,%91object Object%93&#8243; title_text_shadow_vertical_length_tablet=\u00bb0px\u00bb title_text_shadow_blur_strength=\u00bbtitle_text_shadow_style,%91object Object%93&#8243; title_text_shadow_blur_strength_tablet=\u00bb1px\u00bb meta_text_shadow_horizontal_length=\u00bbmeta_text_shadow_style,%91object Object%93&#8243; meta_text_shadow_horizontal_length_tablet=\u00bb0px\u00bb meta_text_shadow_vertical_length=\u00bbmeta_text_shadow_style,%91object Object%93&#8243; meta_text_shadow_vertical_length_tablet=\u00bb0px\u00bb meta_text_shadow_blur_strength=\u00bbmeta_text_shadow_style,%91object Object%93&#8243; meta_text_shadow_blur_strength_tablet=\u00bb1px\u00bb box_shadow_horizontal_tablet=\u00bb0px\u00bb box_shadow_vertical_tablet=\u00bb0px\u00bb box_shadow_blur_tablet=\u00bb40px\u00bb box_shadow_spread_tablet=\u00bb0px\u00bb z_index_tablet=\u00bb500&#8243; \/][et_pb_divider color=\u00bb#c39d63&#8243; show_divider=\u00bbon\u00bb divider_weight=\u00bb3px\u00bb height=\u00bb20px\u00bb _builder_version=\u00bb3.2&#8243; max_width=\u00bb60px\u00bb module_alignment=\u00bbleft\u00bb custom_margin=\u00bb|||\u00bb custom_padding=\u00bb|||\u00bb global_module=\u00bb409&#8243; saved_tabs=\u00bball\u00bb locked=\u00bboff\u00bb text_orientation=\u00bbjustified\u00bb]<\/p>\n<p>&nbsp;<\/p>\n<p>[\/et_pb_divider][et_pb_text _builder_version=\u00bb3.29.3&#8243; text_orientation=\u00bbjustified\u00bb text_text_shadow_horizontal_length=\u00bbtext_text_shadow_style,%91object Object%93&#8243; text_text_shadow_horizontal_length_tablet=\u00bb0px\u00bb text_text_shadow_vertical_length=\u00bbtext_text_shadow_style,%91object Object%93&#8243; text_text_shadow_vertical_length_tablet=\u00bb0px\u00bb text_text_shadow_blur_strength=\u00bbtext_text_shadow_style,%91object Object%93&#8243; text_text_shadow_blur_strength_tablet=\u00bb1px\u00bb link_text_shadow_horizontal_length=\u00bblink_text_shadow_style,%91object Object%93&#8243; link_text_shadow_horizontal_length_tablet=\u00bb0px\u00bb link_text_shadow_vertical_length=\u00bblink_text_shadow_style,%91object Object%93&#8243; link_text_shadow_vertical_length_tablet=\u00bb0px\u00bb link_text_shadow_blur_strength=\u00bblink_text_shadow_style,%91object Object%93&#8243; link_text_shadow_blur_strength_tablet=\u00bb1px\u00bb ul_text_shadow_horizontal_length=\u00bbul_text_shadow_style,%91object Object%93&#8243; ul_text_shadow_horizontal_length_tablet=\u00bb0px\u00bb ul_text_shadow_vertical_length=\u00bbul_text_shadow_style,%91object Object%93&#8243; ul_text_shadow_vertical_length_tablet=\u00bb0px\u00bb ul_text_shadow_blur_strength=\u00bbul_text_shadow_style,%91object Object%93&#8243; ul_text_shadow_blur_strength_tablet=\u00bb1px\u00bb ol_text_shadow_horizontal_length=\u00bbol_text_shadow_style,%91object Object%93&#8243; ol_text_shadow_horizontal_length_tablet=\u00bb0px\u00bb ol_text_shadow_vertical_length=\u00bbol_text_shadow_style,%91object Object%93&#8243; ol_text_shadow_vertical_length_tablet=\u00bb0px\u00bb ol_text_shadow_blur_strength=\u00bbol_text_shadow_style,%91object Object%93&#8243; ol_text_shadow_blur_strength_tablet=\u00bb1px\u00bb quote_text_shadow_horizontal_length=\u00bbquote_text_shadow_style,%91object Object%93&#8243; quote_text_shadow_horizontal_length_tablet=\u00bb0px\u00bb quote_text_shadow_vertical_length=\u00bbquote_text_shadow_style,%91object Object%93&#8243; quote_text_shadow_vertical_length_tablet=\u00bb0px\u00bb quote_text_shadow_blur_strength=\u00bbquote_text_shadow_style,%91object Object%93&#8243; quote_text_shadow_blur_strength_tablet=\u00bb1px\u00bb header_text_shadow_horizontal_length=\u00bbheader_text_shadow_style,%91object Object%93&#8243; header_text_shadow_horizontal_length_tablet=\u00bb0px\u00bb header_text_shadow_vertical_length=\u00bbheader_text_shadow_style,%91object Object%93&#8243; header_text_shadow_vertical_length_tablet=\u00bb0px\u00bb header_text_shadow_blur_strength=\u00bbheader_text_shadow_style,%91object Object%93&#8243; header_text_shadow_blur_strength_tablet=\u00bb1px\u00bb header_2_text_shadow_horizontal_length=\u00bbheader_2_text_shadow_style,%91object Object%93&#8243; header_2_text_shadow_horizontal_length_tablet=\u00bb0px\u00bb header_2_text_shadow_vertical_length=\u00bbheader_2_text_shadow_style,%91object Object%93&#8243; header_2_text_shadow_vertical_length_tablet=\u00bb0px\u00bb header_2_text_shadow_blur_strength=\u00bbheader_2_text_shadow_style,%91object Object%93&#8243; header_2_text_shadow_blur_strength_tablet=\u00bb1px\u00bb header_3_text_shadow_horizontal_length=\u00bbheader_3_text_shadow_style,%91object Object%93&#8243; header_3_text_shadow_horizontal_length_tablet=\u00bb0px\u00bb header_3_text_shadow_vertical_length=\u00bbheader_3_text_shadow_style,%91object Object%93&#8243; header_3_text_shadow_vertical_length_tablet=\u00bb0px\u00bb header_3_text_shadow_blur_strength=\u00bbheader_3_text_shadow_style,%91object Object%93&#8243; header_3_text_shadow_blur_strength_tablet=\u00bb1px\u00bb header_4_text_shadow_horizontal_length=\u00bbheader_4_text_shadow_style,%91object Object%93&#8243; header_4_text_shadow_horizontal_length_tablet=\u00bb0px\u00bb header_4_text_shadow_vertical_length=\u00bbheader_4_text_shadow_style,%91object Object%93&#8243; header_4_text_shadow_vertical_length_tablet=\u00bb0px\u00bb header_4_text_shadow_blur_strength=\u00bbheader_4_text_shadow_style,%91object Object%93&#8243; header_4_text_shadow_blur_strength_tablet=\u00bb1px\u00bb header_5_text_shadow_horizontal_length=\u00bbheader_5_text_shadow_style,%91object Object%93&#8243; header_5_text_shadow_horizontal_length_tablet=\u00bb0px\u00bb header_5_text_shadow_vertical_length=\u00bbheader_5_text_shadow_style,%91object Object%93&#8243; header_5_text_shadow_vertical_length_tablet=\u00bb0px\u00bb header_5_text_shadow_blur_strength=\u00bbheader_5_text_shadow_style,%91object Object%93&#8243; header_5_text_shadow_blur_strength_tablet=\u00bb1px\u00bb header_6_text_shadow_horizontal_length=\u00bbheader_6_text_shadow_style,%91object Object%93&#8243; header_6_text_shadow_horizontal_length_tablet=\u00bb0px\u00bb header_6_text_shadow_vertical_length=\u00bbheader_6_text_shadow_style,%91object Object%93&#8243; header_6_text_shadow_vertical_length_tablet=\u00bb0px\u00bb header_6_text_shadow_blur_strength=\u00bbheader_6_text_shadow_style,%91object Object%93&#8243; header_6_text_shadow_blur_strength_tablet=\u00bb1px\u00bb box_shadow_horizontal_tablet=\u00bb0px\u00bb box_shadow_vertical_tablet=\u00bb0px\u00bb box_shadow_blur_tablet=\u00bb40px\u00bb box_shadow_spread_tablet=\u00bb0px\u00bb z_index_tablet=\u00bb500&#8243;]<\/p>\n<p>El s\u00e1bado 3 de diciembre, el P. Jim Marvin Guti\u00e9rrez Agurto, C.S.C., fue ordenado sacerdote en una Misa celebrada en el Colegio Fe y Alegr\u00eda 25 de Canto Grande, Per\u00fa, donde ha prestado sus servicios este a\u00f1o como Di\u00e1cono y Director de Pastoral. El Obispo ordenante fue Mons. Jorge Izaguirre, C.S.C., Obispo de la Prelatura de Chuquibamba.<\/p>\n<p>Fue el mismo lugar, el Coliseo Padre David Farrell, C.S.C., donde hace poco menos de 10 meses, el 19 de febrero de 2022, el P. Jim profes\u00f3 sus Votos Perpetuos en la Congregaci\u00f3n y fue ordenado di\u00e1cono al d\u00eda siguiente, tambi\u00e9n por el Obispo Izaguirre.<\/p>\n<p>\u201cLa vocaci\u00f3n es siempre un regalo de Dios y que un j\u00f3ven en este tiempo quiera comprometer su vida para servir a su pueblo y la Iglesia es una muestra de como Dios nos acompa\u00f1a,\u201d dice el Padre Jos\u00e9 Ahumada, C.S.C., Superior del Distrito de Chile-Per\u00fa. \u201cJim tiene muchos talentos y que el Padre Dios, le ense\u00f1e a crecer en como dar gratuitamente lo que gratuitamente ha recibido.\u201d<\/p>\n<p>Dar gracias a todo el equipo que estuvo encargado de las ceremonias,\u00a0 \u00a0a P. Elmer, a Hno. Jonathan a p. Alfredo, a Kelly y Silvia y a todos los j\u00f3venes en la casa de formaci\u00f3n.\u00a0<\/p>\n<p>Dar gracias a jorge Izaguirre por haber venido desde la Prelatura de Chuquibamba y Caman\u00e1 a ordenarlo de sacerdote.<\/p>\n<p>Un gran n\u00famero de estudiantes y personal del colegio particip\u00f3 de la Ordenaci\u00f3n, incluyendo un gran grupo de monaguillos, que hab\u00edan sido formados, durante el a\u00f1o, por el entonces Di\u00e1cono Jim. Se unieron en la celebraci\u00f3n, otros amigos de la Congregaci\u00f3n, miembros de la familia del P. Jim, as\u00ed como muchas hermanas, sacerdotes y hermanos de Santa Cruz. Entre los religiosos de la congregaci\u00f3n presentes en la celebraci\u00f3n, estaba el Hno. Ronaldo Almeida, C.S.C., Superior del Distrito de Brasil.<\/p>\n<p>Despu\u00e9s de la misa, la celebraci\u00f3n se prolong\u00f3 hasta bien entrada la noche, con bailes y m\u00fasica, como es costumbre en la zona.<\/p>\n<p>El P. Ahumada dio gracias a todo el equipo que estuvo encargado de las ceremonias: al Padre Elmer Caro, C.S.C., al Hermano Jonathan Beebe, C.S.C., al Padre Alfredo Hern\u00e1ndez, C.S.C., a la Se\u00f1ora Kelly Chimeta y Se\u00f1ora Silvia Alv\u00e1rez, y a todos los postulantes en la casa de formaci\u00f3n.\u00a0<\/p>\n<p>El P. Jim celebr\u00f3 su primera misa al d\u00eda siguiente, domingo 4 de diciembre, en el coliseo de la Escuela Fe y Alegr\u00eda 25. Una vez m\u00e1s, muchos miembros de la comunidad escolar se unieron a la celebraci\u00f3n.<\/p>\n<p>Despu\u00e9s de su Ordenaci\u00f3n el P. Jim, continuar\u00e1 trabajando como Director de Pastoral en Fe y Alegr\u00eda 25 y asistiendo en la Parroquia El Se\u00f1or de la Esperanza.<\/p>\n<p>[\/et_pb_text][et_pb_image _builder_version=\u00bb3.29.3&#8243; show_in_lightbox=\u00bbon\u00bb box_shadow_horizontal_tablet=\u00bb0px\u00bb box_shadow_vertical_tablet=\u00bb0px\u00bb box_shadow_blur_tablet=\u00bb40px\u00bb box_shadow_spread_tablet=\u00bb0px\u00bb z_index_tablet=\u00bb500&#8243; src=\u00bbhttp:\/\/congregaciondesantacruz.cl\/new\/wp-content\/uploads\/2022\/12\/PHOTO-2022-12-05-18-07-28.jpg\u00bb \/][et_pb_image _builder_version=\u00bb3.29.3&#8243; show_in_lightbox=\u00bbon\u00bb box_shadow_horizontal_tablet=\u00bb0px\u00bb box_shadow_vertical_tablet=\u00bb0px\u00bb box_shadow_blur_tablet=\u00bb40px\u00bb box_shadow_spread_tablet=\u00bb0px\u00bb z_index_tablet=\u00bb500&#8243; src=\u00bbhttp:\/\/congregaciondesantacruz.cl\/new\/wp-content\/uploads\/2022\/12\/PHOTO-2022-12-05-18-07-28-1.jpg\u00bb \/][et_pb_divider color=\u00bb#c39d63&#8243; show_divider=\u00bbon\u00bb divider_weight=\u00bb3px\u00bb height=\u00bb20px\u00bb _builder_version=\u00bb3.2&#8243; max_width=\u00bb60px\u00bb module_alignment=\u00bbleft\u00bb custom_margin=\u00bb|||\u00bb custom_padding=\u00bb|||\u00bb global_module=\u00bb409&#8243; saved_tabs=\u00bball\u00bb locked=\u00bboff\u00bb text_orientation=\u00bbjustified\u00bb]<\/p>\n<p>&nbsp;<\/p>\n<p>[\/et_pb_divider][\/et_pb_column][et_pb_column type=\u00bb1_4&#8243; _builder_version=\u00bb3.0.47&#8243; parallax=\u00bboff\u00bb parallax_method=\u00bbon\u00bb custom_padding__hover=\u00bb|||\u00bb custom_padding=\u00bb|||\u00bb][et_pb_sidebar orientation=\u00bbright\u00bb area=\u00bbsidebar-1&#8243; disabled_on=\u00bbon|on|off\u00bb _builder_version=\u00bb3.0.106&#8243; header_font=\u00bb|||on|||||\u00bb header_font_size=\u00bb15px\u00bb header_text_color=\u00bb#c39d63&#8243; body_font=\u00bb||||||||\u00bb body_line_height=\u00bb1.5em\u00bb global_module=\u00bb382&#8243; saved_tabs=\u00bball\u00bb \/][\/et_pb_column][\/et_pb_row][\/et_pb_section]<\/p>\n","protected":false},"excerpt":{"rendered":"<p>[et_pb_section bb_built=\u00bb1&#8243; admin_label=\u00bbsection\u00bb custom_padding_last_edited=\u00bbon|phone\u00bb _builder_version=\u00bb3.0.106&#8243; custom_margin=\u00bb|||\u00bb custom_padding=\u00bb0px|||\u00bb custom_padding_tablet=\u00bb0px|||\u00bb custom_padding_phone=\u00bb0px|||\u00bb inner_width=\u00bbauto\u00bb inner_max_width=\u00bb1280px\u00bb][et_pb_row custom_padding=\u00bb|||\u00bb custom_padding_tablet=\u00bb|||1px\u00bb custom_padding_phone=\u00bb|||5px\u00bb custom_padding_last_edited=\u00bbon|phone\u00bb _builder_version=\u00bb3.0.106&#8243; custom_margin_last_edited=\u00bbon|phone\u00bb custom_margin=\u00bb|||\u00bb width=\u00bb80%\u00bb max_width=\u00bb1280px\u00bb][et_pb_column type=\u00bb1_4&#8243; _builder_version=\u00bb3.0.47&#8243; padding_phone=\u00bb|0px||\u00bb padding_tablet=\u00bb|0px||\u00bb padding_last_edited=\u00bbon|tablet\u00bb parallax=\u00bboff\u00bb parallax_method=\u00bbon\u00bb custom_padding_tablet=\u00bb|0px||\u00bb custom_padding_phone=\u00bb|0px||\u00bb custom_padding_last_edited=\u00bbon|tablet\u00bb custom_padding__hover=\u00bb|||\u00bb custom_padding=\u00bb|||\u00bb][et_pb_image show_in_lightbox=\u00bbon\u00bb _builder_version=\u00bb3.29.3&#8243; align_last_edited=\u00bbon|desktop\u00bb align_tablet=\u00bbcenter\u00bb box_shadow_horizontal_tablet=\u00bb0px\u00bb box_shadow_vertical_tablet=\u00bb0px\u00bb box_shadow_blur_tablet=\u00bb40px\u00bb box_shadow_spread_tablet=\u00bb0px\u00bb z_index_tablet=\u00bb500&#8243; src=\u00bbhttp:\/\/congregaciondesantacruz.cl\/new\/wp-content\/uploads\/2022\/12\/PHOTO-2022-12-05-18-07-28-1.jpg\u00bb \/][\/et_pb_column][et_pb_column type=\u00bb1_2&#8243; _builder_version=\u00bb3.0.47&#8243; parallax=\u00bboff\u00bb parallax_method=\u00bbon\u00bb module_class=\u00bbcolumnaDos\u00bb custom_padding__hover=\u00bb|||\u00bb custom_padding=\u00bb|||\u00bb][et_pb_post_title featured_image=\u00bboff\u00bb _builder_version=\u00bb3.29.3&#8243; author=\u00bboff\u00bb categories=\u00bboff\u00bb comments=\u00bboff\u00bb [&hellip;]<\/p>\n","protected":false},"author":1,"featured_media":2882,"comment_status":"closed","ping_status":"closed","sticky":false,"template":"","format":"standard","meta":{"_et_pb_use_builder":"on","_et_pb_old_content":""},"categories":[6],"tags":[],"_links":{"self":[{"href":"http:\/\/congregaciondesantacruz.cl\/new\/wp-json\/wp\/v2\/posts\/2881"}],"collection":[{"href":"http:\/\/congregaciondesantacruz.cl\/new\/wp-json\/wp\/v2\/posts"}],"about":[{"href":"http:\/\/congregaciondesantacruz.cl\/new\/wp-json\/wp\/v2\/types\/post"}],"author":[{"embeddable":true,"href":"http:\/\/congregaciondesantacruz.cl\/new\/wp-json\/wp\/v2\/users\/1"}],"replies":[{"embeddable":true,"href":"http:\/\/congregaciondesantacruz.cl\/new\/wp-json\/wp\/v2\/comments?post=2881"}],"version-history":[{"count":2,"href":"http:\/\/congregaciondesantacruz.cl\/new\/wp-json\/wp\/v2\/posts\/2881\/revisions"}],"predecessor-version":[{"id":2885,"href":"http:\/\/congregaciondesantacruz.cl\/new\/wp-json\/wp\/v2\/posts\/2881\/revisions\/2885"}],"wp:featuredmedia":[{"embeddable":true,"href":"http:\/\/congregaciondesantacruz.cl\/new\/wp-json\/wp\/v2\/media\/2882"}],"wp:attachment":[{"href":"http:\/\/congregaciondesantacruz.cl\/new\/wp-json\/wp\/v2\/media?parent=2881"}],"wp:term":[{"taxonomy":"category","embeddable":true,"href":"http:\/\/congregaciondesantacruz.cl\/new\/wp-json\/wp\/v2\/categories?post=2881"},{"taxonomy":"post_tag","embeddable":true,"href":"http:\/\/congregaciondesantacruz.cl\/new\/wp-json\/wp\/v2\/tags?post=2881"}],"curies":[{"name":"wp","href":"https:\/\/api.w.org\/{rel}","templated":true}]}}