{"id":2896,"date":"2023-03-06T19:46:05","date_gmt":"2023-03-06T19:46:05","guid":{"rendered":"http:\/\/congregaciondesantacruz.cl\/new\/?p=2896"},"modified":"2025-04-23T22:24:43","modified_gmt":"2025-04-23T22:24:43","slug":"santa-cruz-en-mexico-se-alegra-con-la-ordenacion-sacerdotal-del-padre-pedro-carreno","status":"publish","type":"post","link":"http:\/\/congregaciondesantacruz.cl\/new\/santa-cruz-en-mexico-se-alegra-con-la-ordenacion-sacerdotal-del-padre-pedro-carreno\/","title":{"rendered":"Santa Cruz en M\u00e9xico se alegra con la Ordenaci\u00f3n Sacerdotal del Padre Pedro Carre\u00f1o"},"content":{"rendered":"<p>[et_pb_section bb_built=\u00bb1&#8243; admin_label=\u00bbsection\u00bb custom_padding_last_edited=\u00bbon|phone\u00bb _builder_version=\u00bb3.0.106&#8243; custom_margin=\u00bb|||\u00bb custom_padding=\u00bb0px|||\u00bb custom_padding_tablet=\u00bb0px|||\u00bb custom_padding_phone=\u00bb0px|||\u00bb inner_width=\u00bbauto\u00bb inner_max_width=\u00bb1280px\u00bb][et_pb_row custom_padding=\u00bb|||\u00bb custom_padding_tablet=\u00bb|||1px\u00bb custom_padding_phone=\u00bb|||5px\u00bb custom_padding_last_edited=\u00bbon|phone\u00bb _builder_version=\u00bb3.0.106&#8243; custom_margin_last_edited=\u00bbon|phone\u00bb custom_margin=\u00bb|||\u00bb width=\u00bb80%\u00bb max_width=\u00bb1280px\u00bb][et_pb_column type=\u00bb1_4&#8243; custom_padding_tablet=\u00bb|0px||\u00bb custom_padding_phone=\u00bb|0px||\u00bb custom_padding_last_edited=\u00bbon|tablet\u00bb custom_padding__hover=\u00bb|||\u00bb custom_padding=\u00bb|||\u00bb][et_pb_image src=\u00bbhttp:\/\/congregaciondesantacruz.cl\/new\/wp-content\/uploads\/2023\/03\/1.jpg\u00bb show_in_lightbox=\u00bbon\u00bb _builder_version=\u00bb3.29.3&#8243; box_shadow_horizontal_tablet=\u00bb0px\u00bb box_shadow_vertical_tablet=\u00bb0px\u00bb box_shadow_blur_tablet=\u00bb40px\u00bb box_shadow_spread_tablet=\u00bb0px\u00bb z_index_tablet=\u00bb500&#8243; \/][\/et_pb_column][et_pb_column type=\u00bb1_2&#8243; module_class=\u00bbcolumnaDos\u00bb custom_padding__hover=\u00bb|||\u00bb custom_padding=\u00bb|||\u00bb][et_pb_post_title meta=\u00bboff\u00bb featured_image=\u00bboff\u00bb _builder_version=\u00bb3.0.106&#8243; \/][et_pb_divider color=\u00bb#c39d63&#8243; show_divider=\u00bbon\u00bb divider_weight=\u00bb3px\u00bb height=\u00bb20px\u00bb _builder_version=\u00bb3.2&#8243; max_width=\u00bb60px\u00bb module_alignment=\u00bbleft\u00bb custom_margin=\u00bb|||\u00bb custom_padding=\u00bb|||\u00bb global_module=\u00bb409&#8243; saved_tabs=\u00bball\u00bb locked=\u00bboff\u00bb \/][et_pb_text _builder_version=\u00bb3.29.3&#8243; text_text_shadow_horizontal_length=\u00bbtext_text_shadow_style,%91object Object%93&#8243; text_text_shadow_horizontal_length_tablet=\u00bb0px\u00bb text_text_shadow_vertical_length=\u00bbtext_text_shadow_style,%91object Object%93&#8243; text_text_shadow_vertical_length_tablet=\u00bb0px\u00bb text_text_shadow_blur_strength=\u00bbtext_text_shadow_style,%91object Object%93&#8243; text_text_shadow_blur_strength_tablet=\u00bb1px\u00bb link_text_shadow_horizontal_length=\u00bblink_text_shadow_style,%91object Object%93&#8243; link_text_shadow_horizontal_length_tablet=\u00bb0px\u00bb link_text_shadow_vertical_length=\u00bblink_text_shadow_style,%91object Object%93&#8243; link_text_shadow_vertical_length_tablet=\u00bb0px\u00bb link_text_shadow_blur_strength=\u00bblink_text_shadow_style,%91object Object%93&#8243; link_text_shadow_blur_strength_tablet=\u00bb1px\u00bb ul_text_shadow_horizontal_length=\u00bbul_text_shadow_style,%91object Object%93&#8243; ul_text_shadow_horizontal_length_tablet=\u00bb0px\u00bb ul_text_shadow_vertical_length=\u00bbul_text_shadow_style,%91object Object%93&#8243; ul_text_shadow_vertical_length_tablet=\u00bb0px\u00bb ul_text_shadow_blur_strength=\u00bbul_text_shadow_style,%91object Object%93&#8243; ul_text_shadow_blur_strength_tablet=\u00bb1px\u00bb ol_text_shadow_horizontal_length=\u00bbol_text_shadow_style,%91object Object%93&#8243; ol_text_shadow_horizontal_length_tablet=\u00bb0px\u00bb ol_text_shadow_vertical_length=\u00bbol_text_shadow_style,%91object Object%93&#8243; ol_text_shadow_vertical_length_tablet=\u00bb0px\u00bb ol_text_shadow_blur_strength=\u00bbol_text_shadow_style,%91object Object%93&#8243; ol_text_shadow_blur_strength_tablet=\u00bb1px\u00bb quote_text_shadow_horizontal_length=\u00bbquote_text_shadow_style,%91object Object%93&#8243; quote_text_shadow_horizontal_length_tablet=\u00bb0px\u00bb quote_text_shadow_vertical_length=\u00bbquote_text_shadow_style,%91object Object%93&#8243; quote_text_shadow_vertical_length_tablet=\u00bb0px\u00bb quote_text_shadow_blur_strength=\u00bbquote_text_shadow_style,%91object Object%93&#8243; quote_text_shadow_blur_strength_tablet=\u00bb1px\u00bb header_text_shadow_horizontal_length=\u00bbheader_text_shadow_style,%91object Object%93&#8243; header_text_shadow_horizontal_length_tablet=\u00bb0px\u00bb header_text_shadow_vertical_length=\u00bbheader_text_shadow_style,%91object Object%93&#8243; header_text_shadow_vertical_length_tablet=\u00bb0px\u00bb header_text_shadow_blur_strength=\u00bbheader_text_shadow_style,%91object Object%93&#8243; header_text_shadow_blur_strength_tablet=\u00bb1px\u00bb header_2_text_shadow_horizontal_length=\u00bbheader_2_text_shadow_style,%91object Object%93&#8243; header_2_text_shadow_horizontal_length_tablet=\u00bb0px\u00bb header_2_text_shadow_vertical_length=\u00bbheader_2_text_shadow_style,%91object Object%93&#8243; header_2_text_shadow_vertical_length_tablet=\u00bb0px\u00bb header_2_text_shadow_blur_strength=\u00bbheader_2_text_shadow_style,%91object Object%93&#8243; header_2_text_shadow_blur_strength_tablet=\u00bb1px\u00bb header_3_text_shadow_horizontal_length=\u00bbheader_3_text_shadow_style,%91object Object%93&#8243; header_3_text_shadow_horizontal_length_tablet=\u00bb0px\u00bb header_3_text_shadow_vertical_length=\u00bbheader_3_text_shadow_style,%91object Object%93&#8243; header_3_text_shadow_vertical_length_tablet=\u00bb0px\u00bb header_3_text_shadow_blur_strength=\u00bbheader_3_text_shadow_style,%91object Object%93&#8243; header_3_text_shadow_blur_strength_tablet=\u00bb1px\u00bb header_4_text_shadow_horizontal_length=\u00bbheader_4_text_shadow_style,%91object Object%93&#8243; header_4_text_shadow_horizontal_length_tablet=\u00bb0px\u00bb header_4_text_shadow_vertical_length=\u00bbheader_4_text_shadow_style,%91object Object%93&#8243; header_4_text_shadow_vertical_length_tablet=\u00bb0px\u00bb header_4_text_shadow_blur_strength=\u00bbheader_4_text_shadow_style,%91object Object%93&#8243; header_4_text_shadow_blur_strength_tablet=\u00bb1px\u00bb header_5_text_shadow_horizontal_length=\u00bbheader_5_text_shadow_style,%91object Object%93&#8243; header_5_text_shadow_horizontal_length_tablet=\u00bb0px\u00bb header_5_text_shadow_vertical_length=\u00bbheader_5_text_shadow_style,%91object Object%93&#8243; header_5_text_shadow_vertical_length_tablet=\u00bb0px\u00bb header_5_text_shadow_blur_strength=\u00bbheader_5_text_shadow_style,%91object Object%93&#8243; header_5_text_shadow_blur_strength_tablet=\u00bb1px\u00bb header_6_text_shadow_horizontal_length=\u00bbheader_6_text_shadow_style,%91object Object%93&#8243; header_6_text_shadow_horizontal_length_tablet=\u00bb0px\u00bb header_6_text_shadow_vertical_length=\u00bbheader_6_text_shadow_style,%91object Object%93&#8243; header_6_text_shadow_vertical_length_tablet=\u00bb0px\u00bb header_6_text_shadow_blur_strength=\u00bbheader_6_text_shadow_style,%91object Object%93&#8243; header_6_text_shadow_blur_strength_tablet=\u00bb1px\u00bb box_shadow_horizontal_tablet=\u00bb0px\u00bb box_shadow_vertical_tablet=\u00bb0px\u00bb box_shadow_blur_tablet=\u00bb40px\u00bb box_shadow_spread_tablet=\u00bb0px\u00bb z_index_tablet=\u00bb500&#8243;]<\/p>\n<p>El s\u00e1bado 28 de enero fue un d\u00eda de j\u00fabilo para la Congregaci\u00f3n de Santa Cruz en M\u00e9xico, ya que el P. Pedro Carre\u00f1o Medina, C.S.C., fue ordenado sacerdote. La Misa de Ordenaci\u00f3n se celebr\u00f3 en la Parroquia de Nuestra Madre Sant\u00edsima de la Luz en Guadalupe, Nuevo Le\u00f3n, donde el P. Carre\u00f1o sirvi\u00f3 desde sus Votos Perpetuos y Ordenaci\u00f3n Diaconal en enero de 2022.<\/p>\n<p>Presidi\u00f3 la Ordenaci\u00f3n el Reverend\u00edsimo Jorge Izaguirre, C.S.C., Obispo de la Prelatura de Chuquibamba en Per\u00fa. Entre los religiosos de la Santa Cruz presentes en la Ordenaci\u00f3n estaban el P. Pete Logsdon, C.S.C., Superior Regional de la comunidad de Santa Cruz en M\u00e9xico y el P. Jos\u00e9 Ahumada, C.S.C., Superior del Distrito de Chile-Per\u00fa. \u00a0El P. Carre\u00f1o hizo su noviciado en Huayc\u00e1n, Per\u00fa y luego su formaci\u00f3n de post-noviciado en Santiago de Chile, en la Casa de Formaci\u00f3n Santa Cruz.<\/p>\n<p>Muchas Hermanas de Santa Cruz asistieron y participaron en la Ordenaci\u00f3n, ya que las hermanas, hermanos y sacerdotes de Santa Cruz trabajan juntos en la comunidad parroquial y en los barrios aleda\u00f1os.<\/p>\n<p>Despu\u00e9s de la Misa, hubo una recepci\u00f3n y luego se ofreci\u00f3 una comida para los invitados para celebrar y dar gracias por la vocaci\u00f3n del P. Carre\u00f1o y su servicio a la Iglesia.<\/p>\n<p>El P. Carre\u00f1o celebr\u00f3 su Misa de Acci\u00f3n de Gracias al d\u00eda siguiente, domingo 29 de enero, en la Capilla de San Mat\u00edas, que es una de las cinco capillas que comprometen a la comunidad de la Parroquia de La Luz. El P. Carre\u00f1o continuar\u00e1 sirviendo en la parroquia mientras comienza su ministerio sacerdotal en la Congregaci\u00f3n y en la Iglesia.<\/p>\n<p>Se\u00a0encuentra en la Comuna de El Quisco,\u00a0V Regi\u00f3n, en Av. Espa\u00f1a esq. Los Pirineos.<\/p>\n<p>El Centro de Espiritualidad de Santa Cruz, es el lugar ideal para jornadas pastorales, retiros espirituales y encuentro de grupos de Iglesia. Hoy cuenta con una capilla para 200 personas, un casino con capacidad para atender a 200 personas sentadas y dos caba\u00f1as equipadas para 64 personas, una cancha de Baby F\u00fatbol y una de Volleyball.<\/p>\n<p>El Centro de Espiritualidad Santa Cruz, funciona bajo la modalidad de pensi\u00f3n completa. Se provee de desayuno, almuerzo y comida. Tambi\u00e9n es posible solicitar refrigerios intermedios. Adem\u00e1s el casino est\u00e1 equipado con Wi-Fi e instalaciones de audio y data show.<\/p>\n<p>Para mayor informaci\u00f3n y reservas te invitamos a llamar.<br \/>Tel\u00e9fono 02 &#8211; 22268000<\/p>\n<p>[\/et_pb_text][et_pb_divider color=\u00bb#c39d63&#8243; show_divider=\u00bbon\u00bb divider_weight=\u00bb3px\u00bb height=\u00bb20px\u00bb _builder_version=\u00bb3.2&#8243; max_width=\u00bb60px\u00bb module_alignment=\u00bbleft\u00bb custom_margin=\u00bb|||\u00bb custom_padding=\u00bb|||\u00bb global_module=\u00bb409&#8243; saved_tabs=\u00bball\u00bb locked=\u00bboff\u00bb \/][et_pb_image _builder_version=\u00bb3.29.3&#8243; src=\u00bbhttp:\/\/congregaciondesantacruz.cl\/new\/wp-content\/uploads\/2023\/03\/1.jpg\u00bb box_shadow_horizontal_tablet=\u00bb0px\u00bb box_shadow_vertical_tablet=\u00bb0px\u00bb box_shadow_blur_tablet=\u00bb40px\u00bb box_shadow_spread_tablet=\u00bb0px\u00bb z_index_tablet=\u00bb500&#8243; \/][et_pb_image _builder_version=\u00bb3.29.3&#8243; src=\u00bbhttp:\/\/congregaciondesantacruz.cl\/new\/wp-content\/uploads\/2023\/03\/2.jpg\u00bb box_shadow_horizontal_tablet=\u00bb0px\u00bb box_shadow_vertical_tablet=\u00bb0px\u00bb box_shadow_blur_tablet=\u00bb40px\u00bb box_shadow_spread_tablet=\u00bb0px\u00bb z_index_tablet=\u00bb500&#8243; \/][et_pb_image _builder_version=\u00bb3.29.3&#8243; src=\u00bbhttp:\/\/congregaciondesantacruz.cl\/new\/wp-content\/uploads\/2023\/03\/3.jpg\u00bb box_shadow_horizontal_tablet=\u00bb0px\u00bb box_shadow_vertical_tablet=\u00bb0px\u00bb box_shadow_blur_tablet=\u00bb40px\u00bb box_shadow_spread_tablet=\u00bb0px\u00bb z_index_tablet=\u00bb500&#8243; \/][et_pb_image _builder_version=\u00bb3.29.3&#8243; src=\u00bbhttp:\/\/congregaciondesantacruz.cl\/new\/wp-content\/uploads\/2023\/03\/4.jpg\u00bb box_shadow_horizontal_tablet=\u00bb0px\u00bb box_shadow_vertical_tablet=\u00bb0px\u00bb box_shadow_blur_tablet=\u00bb40px\u00bb box_shadow_spread_tablet=\u00bb0px\u00bb z_index_tablet=\u00bb500&#8243; \/][\/et_pb_column][et_pb_column type=\u00bb1_4&#8243; custom_padding_tablet=\u00bb|0px||\u00bb custom_padding_phone=\u00bb|0px||\u00bb custom_padding_last_edited=\u00bbon|tablet\u00bb custom_padding__hover=\u00bb|||\u00bb custom_padding=\u00bb|||\u00bb][et_pb_sidebar orientation=\u00bbright\u00bb area=\u00bbsidebar-1&#8243; disabled_on=\u00bbon|on|off\u00bb _builder_version=\u00bb3.0.106&#8243; header_font=\u00bb|||on|||||\u00bb header_font_size=\u00bb15px\u00bb header_text_color=\u00bb#c39d63&#8243; body_font=\u00bb||||||||\u00bb body_line_height=\u00bb1.5em\u00bb global_module=\u00bb382&#8243; saved_tabs=\u00bball\u00bb \/][\/et_pb_column][\/et_pb_row][\/et_pb_section]<\/p>\n","protected":false},"excerpt":{"rendered":"<p>[et_pb_section bb_built=\u00bb1&#8243; admin_label=\u00bbsection\u00bb custom_padding_last_edited=\u00bbon|phone\u00bb _builder_version=\u00bb3.0.106&#8243; custom_margin=\u00bb|||\u00bb custom_padding=\u00bb0px|||\u00bb custom_padding_tablet=\u00bb0px|||\u00bb custom_padding_phone=\u00bb0px|||\u00bb inner_width=\u00bbauto\u00bb inner_max_width=\u00bb1280px\u00bb][et_pb_row custom_padding=\u00bb|||\u00bb custom_padding_tablet=\u00bb|||1px\u00bb custom_padding_phone=\u00bb|||5px\u00bb custom_padding_last_edited=\u00bbon|phone\u00bb _builder_version=\u00bb3.0.106&#8243; custom_margin_last_edited=\u00bbon|phone\u00bb custom_margin=\u00bb|||\u00bb width=\u00bb80%\u00bb max_width=\u00bb1280px\u00bb][et_pb_column type=\u00bb1_4&#8243; custom_padding_tablet=\u00bb|0px||\u00bb custom_padding_phone=\u00bb|0px||\u00bb custom_padding_last_edited=\u00bbon|tablet\u00bb custom_padding__hover=\u00bb|||\u00bb custom_padding=\u00bb|||\u00bb][et_pb_image src=\u00bbhttp:\/\/congregaciondesantacruz.cl\/new\/wp-content\/uploads\/2023\/03\/1.jpg\u00bb show_in_lightbox=\u00bbon\u00bb _builder_version=\u00bb3.29.3&#8243; box_shadow_horizontal_tablet=\u00bb0px\u00bb box_shadow_vertical_tablet=\u00bb0px\u00bb box_shadow_blur_tablet=\u00bb40px\u00bb box_shadow_spread_tablet=\u00bb0px\u00bb z_index_tablet=\u00bb500&#8243; \/][\/et_pb_column][et_pb_column type=\u00bb1_2&#8243; module_class=\u00bbcolumnaDos\u00bb custom_padding__hover=\u00bb|||\u00bb custom_padding=\u00bb|||\u00bb][et_pb_post_title meta=\u00bboff\u00bb featured_image=\u00bboff\u00bb _builder_version=\u00bb3.0.106&#8243; \/][et_pb_divider color=\u00bb#c39d63&#8243; show_divider=\u00bbon\u00bb divider_weight=\u00bb3px\u00bb height=\u00bb20px\u00bb _builder_version=\u00bb3.2&#8243; max_width=\u00bb60px\u00bb module_alignment=\u00bbleft\u00bb custom_margin=\u00bb|||\u00bb custom_padding=\u00bb|||\u00bb global_module=\u00bb409&#8243; saved_tabs=\u00bball\u00bb locked=\u00bboff\u00bb [&hellip;]<\/p>\n","protected":false},"author":1,"featured_media":2898,"comment_status":"closed","ping_status":"closed","sticky":false,"template":"","format":"standard","meta":{"_et_pb_use_builder":"on","_et_pb_old_content":""},"categories":[6],"tags":[],"_links":{"self":[{"href":"http:\/\/congregaciondesantacruz.cl\/new\/wp-json\/wp\/v2\/posts\/2896"}],"collection":[{"href":"http:\/\/congregaciondesantacruz.cl\/new\/wp-json\/wp\/v2\/posts"}],"about":[{"href":"http:\/\/congregaciondesantacruz.cl\/new\/wp-json\/wp\/v2\/types\/post"}],"author":[{"embeddable":true,"href":"http:\/\/congregaciondesantacruz.cl\/new\/wp-json\/wp\/v2\/users\/1"}],"replies":[{"embeddable":true,"href":"http:\/\/congregaciondesantacruz.cl\/new\/wp-json\/wp\/v2\/comments?post=2896"}],"version-history":[{"count":3,"href":"http:\/\/congregaciondesantacruz.cl\/new\/wp-json\/wp\/v2\/posts\/2896\/revisions"}],"predecessor-version":[{"id":2903,"href":"http:\/\/congregaciondesantacruz.cl\/new\/wp-json\/wp\/v2\/posts\/2896\/revisions\/2903"}],"wp:featuredmedia":[{"embeddable":true,"href":"http:\/\/congregaciondesantacruz.cl\/new\/wp-json\/wp\/v2\/media\/2898"}],"wp:attachment":[{"href":"http:\/\/congregaciondesantacruz.cl\/new\/wp-json\/wp\/v2\/media?parent=2896"}],"wp:term":[{"taxonomy":"category","embeddable":true,"href":"http:\/\/congregaciondesantacruz.cl\/new\/wp-json\/wp\/v2\/categories?post=2896"},{"taxonomy":"post_tag","embeddable":true,"href":"http:\/\/congregaciondesantacruz.cl\/new\/wp-json\/wp\/v2\/tags?post=2896"}],"curies":[{"name":"wp","href":"https:\/\/api.w.org\/{rel}","templated":true}]}}