{"id":2938,"date":"2023-10-12T01:22:44","date_gmt":"2023-10-12T01:22:44","guid":{"rendered":"http:\/\/congregaciondesantacruz.cl\/new\/?p=2938"},"modified":"2025-04-23T22:24:13","modified_gmt":"2025-04-23T22:24:13","slug":"p-gerardo-t-papen-c-s-c-10-diciembre-1935-6-de-octubre-2023","status":"publish","type":"post","link":"http:\/\/congregaciondesantacruz.cl\/new\/p-gerardo-t-papen-c-s-c-10-diciembre-1935-6-de-octubre-2023\/","title":{"rendered":"P.  Gerardo T. Papen C.S.C. 10 diciembre, 1935 \u2013 6 de octubre, 2023"},"content":{"rendered":"<p>[et_pb_section bb_built=\u00bb1&#8243; admin_label=\u00bbsection\u00bb custom_padding_last_edited=\u00bbon|phone\u00bb _builder_version=\u00bb3.0.106&#8243; custom_margin=\u00bb|||\u00bb custom_padding=\u00bb0px|||\u00bb custom_padding_tablet=\u00bb0px|||\u00bb custom_padding_phone=\u00bb0px|||\u00bb inner_width=\u00bbauto\u00bb inner_max_width=\u00bb1280px\u00bb][et_pb_row custom_padding=\u00bb|||\u00bb custom_padding_tablet=\u00bb|||1px\u00bb custom_padding_phone=\u00bb|||5px\u00bb custom_padding_last_edited=\u00bbon|phone\u00bb _builder_version=\u00bb3.0.106&#8243; custom_margin_last_edited=\u00bbon|phone\u00bb custom_margin=\u00bb|||\u00bb width=\u00bb80%\u00bb max_width=\u00bb1280px\u00bb][et_pb_column type=\u00bb1_4&#8243; _builder_version=\u00bb3.0.47&#8243; padding_phone=\u00bb|0px||\u00bb padding_tablet=\u00bb|0px||\u00bb padding_last_edited=\u00bbon|tablet\u00bb parallax=\u00bboff\u00bb parallax_method=\u00bbon\u00bb custom_padding_tablet=\u00bb|0px||\u00bb custom_padding_phone=\u00bb|0px||\u00bb custom_padding_last_edited=\u00bbon|tablet\u00bb custom_padding__hover=\u00bb|||\u00bb custom_padding=\u00bb|||\u00bb][et_pb_image src=\u00bbhttp:\/\/congregaciondesantacruz.cl\/new\/wp-content\/uploads\/2023\/10\/14.Gerardo-Papencsc-2010.jpg\u00bb show_in_lightbox=\u00bbon\u00bb _builder_version=\u00bb3.29.3&#8243; align_last_edited=\u00bbon|desktop\u00bb align_tablet=\u00bbcenter\u00bb box_shadow_horizontal_tablet=\u00bb0px\u00bb box_shadow_vertical_tablet=\u00bb0px\u00bb box_shadow_blur_tablet=\u00bb40px\u00bb box_shadow_spread_tablet=\u00bb0px\u00bb z_index_tablet=\u00bb500&#8243; \/][\/et_pb_column][et_pb_column type=\u00bb1_2&#8243; _builder_version=\u00bb3.0.47&#8243; parallax=\u00bboff\u00bb parallax_method=\u00bbon\u00bb module_class=\u00bbcolumnaDos\u00bb custom_padding__hover=\u00bb|||\u00bb custom_padding=\u00bb|||\u00bb][et_pb_post_title meta=\u00bboff\u00bb featured_image=\u00bboff\u00bb _builder_version=\u00bb3.0.106&#8243; \/][et_pb_divider color=\u00bb#c39d63&#8243; show_divider=\u00bbon\u00bb divider_weight=\u00bb3px\u00bb height=\u00bb20px\u00bb _builder_version=\u00bb3.2&#8243; max_width=\u00bb60px\u00bb module_alignment=\u00bbleft\u00bb custom_margin=\u00bb|||\u00bb custom_padding=\u00bb|||\u00bb global_module=\u00bb409&#8243; saved_tabs=\u00bball\u00bb locked=\u00bboff\u00bb text_orientation=\u00bbjustified\u00bb \/][et_pb_text _builder_version=\u00bb3.29.3&#8243; text_orientation=\u00bbjustified\u00bb text_text_shadow_horizontal_length=\u00bbtext_text_shadow_style,%91object Object%93&#8243; text_text_shadow_horizontal_length_tablet=\u00bb0px\u00bb text_text_shadow_vertical_length=\u00bbtext_text_shadow_style,%91object Object%93&#8243; text_text_shadow_vertical_length_tablet=\u00bb0px\u00bb text_text_shadow_blur_strength=\u00bbtext_text_shadow_style,%91object Object%93&#8243; text_text_shadow_blur_strength_tablet=\u00bb1px\u00bb link_text_shadow_horizontal_length=\u00bblink_text_shadow_style,%91object Object%93&#8243; link_text_shadow_horizontal_length_tablet=\u00bb0px\u00bb link_text_shadow_vertical_length=\u00bblink_text_shadow_style,%91object Object%93&#8243; link_text_shadow_vertical_length_tablet=\u00bb0px\u00bb link_text_shadow_blur_strength=\u00bblink_text_shadow_style,%91object Object%93&#8243; link_text_shadow_blur_strength_tablet=\u00bb1px\u00bb ul_text_shadow_horizontal_length=\u00bbul_text_shadow_style,%91object Object%93&#8243; ul_text_shadow_horizontal_length_tablet=\u00bb0px\u00bb ul_text_shadow_vertical_length=\u00bbul_text_shadow_style,%91object Object%93&#8243; ul_text_shadow_vertical_length_tablet=\u00bb0px\u00bb ul_text_shadow_blur_strength=\u00bbul_text_shadow_style,%91object Object%93&#8243; ul_text_shadow_blur_strength_tablet=\u00bb1px\u00bb ol_text_shadow_horizontal_length=\u00bbol_text_shadow_style,%91object Object%93&#8243; ol_text_shadow_horizontal_length_tablet=\u00bb0px\u00bb ol_text_shadow_vertical_length=\u00bbol_text_shadow_style,%91object Object%93&#8243; ol_text_shadow_vertical_length_tablet=\u00bb0px\u00bb ol_text_shadow_blur_strength=\u00bbol_text_shadow_style,%91object Object%93&#8243; ol_text_shadow_blur_strength_tablet=\u00bb1px\u00bb quote_text_shadow_horizontal_length=\u00bbquote_text_shadow_style,%91object Object%93&#8243; quote_text_shadow_horizontal_length_tablet=\u00bb0px\u00bb quote_text_shadow_vertical_length=\u00bbquote_text_shadow_style,%91object Object%93&#8243; quote_text_shadow_vertical_length_tablet=\u00bb0px\u00bb quote_text_shadow_blur_strength=\u00bbquote_text_shadow_style,%91object Object%93&#8243; quote_text_shadow_blur_strength_tablet=\u00bb1px\u00bb header_text_shadow_horizontal_length=\u00bbheader_text_shadow_style,%91object Object%93&#8243; header_text_shadow_horizontal_length_tablet=\u00bb0px\u00bb header_text_shadow_vertical_length=\u00bbheader_text_shadow_style,%91object Object%93&#8243; header_text_shadow_vertical_length_tablet=\u00bb0px\u00bb header_text_shadow_blur_strength=\u00bbheader_text_shadow_style,%91object Object%93&#8243; header_text_shadow_blur_strength_tablet=\u00bb1px\u00bb header_2_text_shadow_horizontal_length=\u00bbheader_2_text_shadow_style,%91object Object%93&#8243; header_2_text_shadow_horizontal_length_tablet=\u00bb0px\u00bb header_2_text_shadow_vertical_length=\u00bbheader_2_text_shadow_style,%91object Object%93&#8243; header_2_text_shadow_vertical_length_tablet=\u00bb0px\u00bb header_2_text_shadow_blur_strength=\u00bbheader_2_text_shadow_style,%91object Object%93&#8243; header_2_text_shadow_blur_strength_tablet=\u00bb1px\u00bb header_3_text_shadow_horizontal_length=\u00bbheader_3_text_shadow_style,%91object Object%93&#8243; header_3_text_shadow_horizontal_length_tablet=\u00bb0px\u00bb header_3_text_shadow_vertical_length=\u00bbheader_3_text_shadow_style,%91object Object%93&#8243; header_3_text_shadow_vertical_length_tablet=\u00bb0px\u00bb header_3_text_shadow_blur_strength=\u00bbheader_3_text_shadow_style,%91object Object%93&#8243; header_3_text_shadow_blur_strength_tablet=\u00bb1px\u00bb header_4_text_shadow_horizontal_length=\u00bbheader_4_text_shadow_style,%91object Object%93&#8243; header_4_text_shadow_horizontal_length_tablet=\u00bb0px\u00bb header_4_text_shadow_vertical_length=\u00bbheader_4_text_shadow_style,%91object Object%93&#8243; header_4_text_shadow_vertical_length_tablet=\u00bb0px\u00bb header_4_text_shadow_blur_strength=\u00bbheader_4_text_shadow_style,%91object Object%93&#8243; header_4_text_shadow_blur_strength_tablet=\u00bb1px\u00bb header_5_text_shadow_horizontal_length=\u00bbheader_5_text_shadow_style,%91object Object%93&#8243; header_5_text_shadow_horizontal_length_tablet=\u00bb0px\u00bb header_5_text_shadow_vertical_length=\u00bbheader_5_text_shadow_style,%91object Object%93&#8243; header_5_text_shadow_vertical_length_tablet=\u00bb0px\u00bb header_5_text_shadow_blur_strength=\u00bbheader_5_text_shadow_style,%91object Object%93&#8243; header_5_text_shadow_blur_strength_tablet=\u00bb1px\u00bb header_6_text_shadow_horizontal_length=\u00bbheader_6_text_shadow_style,%91object Object%93&#8243; header_6_text_shadow_horizontal_length_tablet=\u00bb0px\u00bb header_6_text_shadow_vertical_length=\u00bbheader_6_text_shadow_style,%91object Object%93&#8243; header_6_text_shadow_vertical_length_tablet=\u00bb0px\u00bb header_6_text_shadow_blur_strength=\u00bbheader_6_text_shadow_style,%91object Object%93&#8243; header_6_text_shadow_blur_strength_tablet=\u00bb1px\u00bb box_shadow_horizontal_tablet=\u00bb0px\u00bb box_shadow_vertical_tablet=\u00bb0px\u00bb box_shadow_blur_tablet=\u00bb40px\u00bb box_shadow_spread_tablet=\u00bb0px\u00bb z_index_tablet=\u00bb500&#8243;]<\/p>\n<p>El P. Gerardo Papen, C.S.C., naci\u00f3 el 10 de diciembre de 1935 en Tacoma, WA. Hijo de Joseph W. Papen y Victoria Thaden, ambos ya fallecidos. El matrimonio tuvo 14 hijos, dividido igualmente entre hombres y mujeres. Sus estudios primarios y secundarios los realiz\u00f3 en el colegio p\u00fablico de Sheridan, Oreg\u00f3n. Terminada su educaci\u00f3n secundaria, ingres\u00f3 al Seminario de Santa Cruz, comenzando sus estudios de filosof\u00eda en la Universidad de Notre Dame. Hizo sus primeros votos en Jordan, Minnesota el 16 de agosto de 1955.\u00a0 Lleg\u00f3 a Chile en 1960, para continuar con sus estudios de Teolog\u00eda en la Pontificia Universidad Cat\u00f3lica de Chile. Tras ello, regres\u00f3 a los Estados Unidos, para ser ordenado sacerdote el 21 de diciembre de 1963, en Portland, Oreg\u00f3n.<\/p>\n<p>La vida religiosa y sacerdotal del P. Gerardo fue la de un misionero \u201ca todo terreno\u201d. Siempre atento a los m\u00e1s pobres, los discriminados, los enfermos y abandonados. Tuvo siempre un admirable celo apost\u00f3lico, que habr\u00eda enorgullecido a nuestro fundador. Acompa\u00f1\u00f3 a los campesinos, los migrantes, los relegados, los enfermos de SIDA, los ni\u00f1os abandonados, las personas con discapacidad, los encarcelados. Su vestimenta sencilla, simpat\u00eda, y el trato directo, permit\u00edan encontrar a Gerardo caminando por los barrios y villorrios m\u00e1s alejados, o compartiendo un \u201cpancito\u201d con las personas en situaci\u00f3n de calle. Siempre era el primero en querer ir a misiones durante el verano, y con su sencillo saco de dormir, no le importaba d\u00f3nde reclinar\u00eda su cabeza. Muchos j\u00f3venes recuerdan con cari\u00f1o, su presencia con ellos, a\u00f1o tras a\u00f1o.<\/p>\n<p>Luego de ser ordenado sacerdote, sirvi\u00f3 en varias parroquias. Su preferencia siempre fue en los campos, entre las monta\u00f1as, o en la ciudad entre los m\u00e1s pobres. Sus primeros a\u00f1os de sacerdote fueron como vicario en San Roque, luego en Santo Domingo en la comuna de San Antonio, o en San Jos\u00e9, comuna de Melipilla. En 1973 fue P\u00e1rroco de la Parroquia El Carmen en la comuna de Quilicura, y sirvi\u00f3 por un tiempo en Santa Rosa de Lo Barnechea, Nuestra Se\u00f1ora de Andacollo y en San Roque, todas en Santiago. \u00a0<\/p>\n<p>En 1982, la comunidad le pidi\u00f3 asumir una nueva misi\u00f3n en Vallenar, en el norte de Chile. Fue Vicario en la Parroquia de San Ambrosio, para atender pastoralmente la Poblaci\u00f3n Torreblanca, hoy Parroquia Santa Cruz, y luego P\u00e1rroco en Nuestra Se\u00f1ora del Carmen en Alto del Carmen-Vallenar. Siempre recordaba con nostalgia su tiempo en el Valle del Huasco Alto, junto a los asociados de Santa Cruz, donde acogi\u00f3 a muchos relegados pol\u00edticos. Recorr\u00eda su Parroquia normalmente caminando o en un bus que pasaba en la ma\u00f1ana y regresaba por la tarde, hasta que el bus se desbarranc\u00f3, quedando el P. Gerardo gravemente herido. En ese tiempo, el P. Gerardo ya pensaba en su pr\u00f3xima misi\u00f3n y estaba abierto a servir ya sea en Per\u00fa, como en Brasil.<\/p>\n<p>En 1987 regres\u00f3 a la zona Central y en 1989, asume como P\u00e1rroco en Nuestra Se\u00f1ora de la Merced, en la di\u00f3cesis de San Felipe. Era un nuevo apostolado que asum\u00eda la Congregaci\u00f3n y en donde, adem\u00e1s, estar\u00eda el Noviciado de Chile y Per\u00fa. Posteriormente en 1995, asume como P\u00e1rroco en Nuestra Se\u00f1ora de Andacollo en Santiago.<\/p>\n<p>El P. Gerardo fue un hombre de historias, que contaba una y otra vez, o sus m\u00e1s cercanos contaban de \u00e9l. Para la Canonizaci\u00f3n de Santa Teresa de los Andes, primera santa chilena, viaj\u00f3 con un peque\u00f1o grupo de feligreses, que, buscando el precio m\u00e1s conveniente, encontraron un pasaje en la l\u00ednea \u00e1rea sovi\u00e9tica de la \u00e9poca, Aeroflot, v\u00eda Mosc\u00fa, qued\u00e1ndose una noche en el hotel m\u00e1s elegante de la ciudad. Sus historias con el P. Juan Alsina, un sacerdote misionero espa\u00f1ol, a quien conoci\u00f3 predicando en los campos, y posteriormente asesinado a los d\u00edas del golpe militar. Su cuerpo fue encontrado en un puente cercano a la Parroquia de Andacollo y le llevaron a organizar anualmente con los feligreses peregrinaciones, en su memoria.<\/p>\n<p>Lo acad\u00e9mico no era su fuerte. Sin embargo, se interesaba por la historia, y los estudios geneal\u00f3gicos. Con meticulosidad y perseverancia, escribi\u00f3 una breve historia de la poetisa chilena Lucila de Mar\u00eda Godoy Alcayaga, Gabriela Mistral, Premio Nobel de literatura, en donde comparti\u00f3 sus investigaciones en los registros bautismales. Su calidad de sabueso como lo defini\u00f3, el escritor y cr\u00edtico chileno, Enrique Lafourcade, le llev\u00f3 a descubrir que, por el lado paterno, era descendiente de ind\u00edgenas nativos, esclavos africanos y colonizadores espa\u00f1oles.<\/p>\n<p>El P. Gerardo ten\u00eda el admirable don de estar siempre conversando con alguien, muchas veces desconocidos, y a todas y todos les hac\u00eda sentirse bienvenidos. Muchos sacerdotes lo recuerdan como modelo de Cristo, ya que pod\u00eda acoger sin importar identidad de g\u00e9nero, ocupaci\u00f3n o situaci\u00f3n social, en \u00e9l todos pod\u00edan encontrar un espacio acogedor y seguro. Para \u00e9l todos merec\u00edan igualdad de oportunidades y dignidad, independientemente de su pasado, elecciones de vida o circunstancias personales. Lo hac\u00eda con total naturalidad, y solo su sonrisa y sus ojos azules intensos, pod\u00edan transmitir una profunda paz y alegr\u00eda. Siempre le interes\u00f3 fomentar el ecumenismo y participaba en todas las reuniones inter-religiosas que se organizaban. \u00a0<\/p>\n<p>Sus \u00faltimos a\u00f1os los vivi\u00f3 en la Parroquia en Calle Larga. Al celebrar sus cincuenta a\u00f1os como sacerdote los feligreses le regalaron de recuerdo una bicicleta confeccionada de papel. Visitaba en su bicicleta los lugares m\u00e1s alejados, entraba en sus casas, y no importaba si eran cat\u00f3licos o no cat\u00f3licos. Todos lo conoc\u00edan ya que al pasar lo ve\u00edan barrer la larga vereda no solo de la Parroquia, sino que tambi\u00e9n de varios vecinos. Algunos dicen que incluso barr\u00eda en el cuartel de la polic\u00eda. Llevaba los sacramentos diariamente, a los que lo requer\u00edan y ung\u00eda a los enfermos.<\/p>\n<p>Los \u00faltimos a\u00f1os de su vida los pas\u00f3 en la Casa San Juan XXIII, donde como Congregaci\u00f3n acogemos a los religiosos que requieren de atenci\u00f3n m\u00e9dica. Las personas que lo cuidaban reconoc\u00edan la paz, sencillez y alegr\u00eda que transmit\u00eda a todos los que lo visitaban. Un fiel servidor de Jesucristo y quien, dejando su tierra, y su lengua, fue sin duda un misionero, \u201cde tomo y lomo\u201d. Un signo vivo del amor de Dios para con todos, pero en particular para los m\u00e1s pobres y abandonados.<\/p>\n<p>Santiago, 06 de octubre, 2023<\/p>\n<p>[\/et_pb_text][et_pb_divider color=\u00bb#c39d63&#8243; show_divider=\u00bbon\u00bb divider_weight=\u00bb3px\u00bb height=\u00bb20px\u00bb _builder_version=\u00bb3.2&#8243; max_width=\u00bb60px\u00bb module_alignment=\u00bbleft\u00bb custom_margin=\u00bb|||\u00bb custom_padding=\u00bb|||\u00bb global_module=\u00bb409&#8243; saved_tabs=\u00bball\u00bb locked=\u00bboff\u00bb text_orientation=\u00bbjustified\u00bb \/][et_pb_image _builder_version=\u00bb3.29.3&#8243; src=\u00bbhttp:\/\/congregaciondesantacruz.cl\/new\/wp-content\/uploads\/2023\/10\/2020-Gerardo-Papen-csc.jpg\u00bb box_shadow_horizontal_tablet=\u00bb0px\u00bb box_shadow_vertical_tablet=\u00bb0px\u00bb box_shadow_blur_tablet=\u00bb40px\u00bb box_shadow_spread_tablet=\u00bb0px\u00bb z_index_tablet=\u00bb500&#8243; \/][et_pb_image _builder_version=\u00bb3.29.3&#8243; src=\u00bbhttp:\/\/congregaciondesantacruz.cl\/new\/wp-content\/uploads\/2023\/10\/2021-P-G.Papen-86-an\u0303os..jpg\u00bb box_shadow_horizontal_tablet=\u00bb0px\u00bb box_shadow_vertical_tablet=\u00bb0px\u00bb box_shadow_blur_tablet=\u00bb40px\u00bb box_shadow_spread_tablet=\u00bb0px\u00bb z_index_tablet=\u00bb500&#8243; \/][et_pb_image _builder_version=\u00bb3.29.3&#8243; src=\u00bbhttp:\/\/congregaciondesantacruz.cl\/new\/wp-content\/uploads\/2023\/10\/Foto-de-Begon\u0303a-1.jpg\u00bb box_shadow_horizontal_tablet=\u00bb0px\u00bb box_shadow_vertical_tablet=\u00bb0px\u00bb box_shadow_blur_tablet=\u00bb40px\u00bb box_shadow_spread_tablet=\u00bb0px\u00bb z_index_tablet=\u00bb500&#8243; \/][et_pb_image _builder_version=\u00bb3.29.3&#8243; src=\u00bbhttp:\/\/congregaciondesantacruz.cl\/new\/wp-content\/uploads\/2023\/10\/P.-Gerardo-Papen-con-escoba-2-scaled.jpg\u00bb box_shadow_horizontal_tablet=\u00bb0px\u00bb box_shadow_vertical_tablet=\u00bb0px\u00bb box_shadow_blur_tablet=\u00bb40px\u00bb box_shadow_spread_tablet=\u00bb0px\u00bb z_index_tablet=\u00bb500&#8243; \/][et_pb_image _builder_version=\u00bb3.29.3&#8243; src=\u00bbhttp:\/\/congregaciondesantacruz.cl\/new\/wp-content\/uploads\/2023\/10\/P.-Gerardo-Papen-con-grupo-2016-scaled.jpg\u00bb box_shadow_horizontal_tablet=\u00bb0px\u00bb box_shadow_vertical_tablet=\u00bb0px\u00bb box_shadow_blur_tablet=\u00bb40px\u00bb box_shadow_spread_tablet=\u00bb0px\u00bb z_index_tablet=\u00bb500&#8243; \/][et_pb_image _builder_version=\u00bb3.29.3&#8243; src=\u00bbhttp:\/\/congregaciondesantacruz.cl\/new\/wp-content\/uploads\/2023\/10\/P.-Gerardo-Papen-C.S.C.-scaled.jpg\u00bb box_shadow_horizontal_tablet=\u00bb0px\u00bb box_shadow_vertical_tablet=\u00bb0px\u00bb box_shadow_blur_tablet=\u00bb40px\u00bb box_shadow_spread_tablet=\u00bb0px\u00bb z_index_tablet=\u00bb500&#8243; \/][et_pb_image _builder_version=\u00bb3.29.3&#8243; src=\u00bbhttp:\/\/congregaciondesantacruz.cl\/new\/wp-content\/uploads\/2023\/10\/thumbnail_16.-Anthony-Szakalycsc-Gerardo-Pappencsc-2005.jpg\u00bb box_shadow_horizontal_tablet=\u00bb0px\u00bb box_shadow_vertical_tablet=\u00bb0px\u00bb box_shadow_blur_tablet=\u00bb40px\u00bb box_shadow_spread_tablet=\u00bb0px\u00bb z_index_tablet=\u00bb500&#8243; \/][et_pb_image _builder_version=\u00bb3.29.3&#8243; src=\u00bbhttp:\/\/congregaciondesantacruz.cl\/new\/wp-content\/uploads\/2023\/10\/thumbnail_26.-2014-G.-Papen-50-an\u0303os-de-sacerdocio-2014.jpg\u00bb box_shadow_horizontal_tablet=\u00bb0px\u00bb box_shadow_vertical_tablet=\u00bb0px\u00bb box_shadow_blur_tablet=\u00bb40px\u00bb box_shadow_spread_tablet=\u00bb0px\u00bb z_index_tablet=\u00bb500&#8243; \/][et_pb_image _builder_version=\u00bb3.29.3&#8243; src=\u00bbhttp:\/\/congregaciondesantacruz.cl\/new\/wp-content\/uploads\/2023\/10\/thumbnail_2017.-Gerardo-Papen-csc-Diego-Irarrazaval-csc.jpg\u00bb box_shadow_horizontal_tablet=\u00bb0px\u00bb box_shadow_vertical_tablet=\u00bb0px\u00bb box_shadow_blur_tablet=\u00bb40px\u00bb box_shadow_spread_tablet=\u00bb0px\u00bb z_index_tablet=\u00bb500&#8243; \/][et_pb_image _builder_version=\u00bb3.29.3&#8243; src=\u00bbhttp:\/\/congregaciondesantacruz.cl\/new\/wp-content\/uploads\/2023\/10\/thumbnail_2020-Gerardo-Papen-csc-Cumplen\u0303os-85-an\u0303os.jpg\u00bb box_shadow_horizontal_tablet=\u00bb0px\u00bb box_shadow_vertical_tablet=\u00bb0px\u00bb box_shadow_blur_tablet=\u00bb40px\u00bb box_shadow_spread_tablet=\u00bb0px\u00bb z_index_tablet=\u00bb500&#8243; \/][et_pb_image _builder_version=\u00bb3.29.3&#8243; src=\u00bbhttp:\/\/congregaciondesantacruz.cl\/new\/wp-content\/uploads\/2023\/10\/14.Gerardo-Papen-csc-2010.jpg\u00bb box_shadow_horizontal_tablet=\u00bb0px\u00bb box_shadow_vertical_tablet=\u00bb0px\u00bb box_shadow_blur_tablet=\u00bb40px\u00bb box_shadow_spread_tablet=\u00bb0px\u00bb z_index_tablet=\u00bb500&#8243; \/][\/et_pb_column][et_pb_column type=\u00bb1_4&#8243; _builder_version=\u00bb3.0.47&#8243; parallax=\u00bboff\u00bb parallax_method=\u00bbon\u00bb custom_padding__hover=\u00bb|||\u00bb custom_padding=\u00bb|||\u00bb][et_pb_sidebar orientation=\u00bbright\u00bb area=\u00bbsidebar-1&#8243; disabled_on=\u00bbon|on|off\u00bb _builder_version=\u00bb3.0.106&#8243; header_font=\u00bb|||on|||||\u00bb header_font_size=\u00bb15px\u00bb header_text_color=\u00bb#c39d63&#8243; body_font=\u00bb||||||||\u00bb body_line_height=\u00bb1.5em\u00bb global_module=\u00bb382&#8243; saved_tabs=\u00bball\u00bb \/][\/et_pb_column][\/et_pb_row][\/et_pb_section]<\/p>\n","protected":false},"excerpt":{"rendered":"<p>[et_pb_section bb_built=\u00bb1&#8243; admin_label=\u00bbsection\u00bb custom_padding_last_edited=\u00bbon|phone\u00bb _builder_version=\u00bb3.0.106&#8243; custom_margin=\u00bb|||\u00bb custom_padding=\u00bb0px|||\u00bb custom_padding_tablet=\u00bb0px|||\u00bb custom_padding_phone=\u00bb0px|||\u00bb inner_width=\u00bbauto\u00bb inner_max_width=\u00bb1280px\u00bb][et_pb_row custom_padding=\u00bb|||\u00bb custom_padding_tablet=\u00bb|||1px\u00bb custom_padding_phone=\u00bb|||5px\u00bb custom_padding_last_edited=\u00bbon|phone\u00bb _builder_version=\u00bb3.0.106&#8243; custom_margin_last_edited=\u00bbon|phone\u00bb custom_margin=\u00bb|||\u00bb width=\u00bb80%\u00bb max_width=\u00bb1280px\u00bb][et_pb_column type=\u00bb1_4&#8243; _builder_version=\u00bb3.0.47&#8243; padding_phone=\u00bb|0px||\u00bb padding_tablet=\u00bb|0px||\u00bb padding_last_edited=\u00bbon|tablet\u00bb parallax=\u00bboff\u00bb parallax_method=\u00bbon\u00bb custom_padding_tablet=\u00bb|0px||\u00bb custom_padding_phone=\u00bb|0px||\u00bb custom_padding_last_edited=\u00bbon|tablet\u00bb custom_padding__hover=\u00bb|||\u00bb custom_padding=\u00bb|||\u00bb][et_pb_image src=\u00bbhttp:\/\/congregaciondesantacruz.cl\/new\/wp-content\/uploads\/2023\/10\/14.Gerardo-Papencsc-2010.jpg\u00bb show_in_lightbox=\u00bbon\u00bb _builder_version=\u00bb3.29.3&#8243; align_last_edited=\u00bbon|desktop\u00bb align_tablet=\u00bbcenter\u00bb box_shadow_horizontal_tablet=\u00bb0px\u00bb box_shadow_vertical_tablet=\u00bb0px\u00bb box_shadow_blur_tablet=\u00bb40px\u00bb box_shadow_spread_tablet=\u00bb0px\u00bb z_index_tablet=\u00bb500&#8243; \/][\/et_pb_column][et_pb_column type=\u00bb1_2&#8243; _builder_version=\u00bb3.0.47&#8243; parallax=\u00bboff\u00bb parallax_method=\u00bbon\u00bb module_class=\u00bbcolumnaDos\u00bb custom_padding__hover=\u00bb|||\u00bb custom_padding=\u00bb|||\u00bb][et_pb_post_title meta=\u00bboff\u00bb featured_image=\u00bboff\u00bb _builder_version=\u00bb3.0.106&#8243; \/][et_pb_divider color=\u00bb#c39d63&#8243; [&hellip;]<\/p>\n","protected":false},"author":1,"featured_media":2951,"comment_status":"closed","ping_status":"closed","sticky":false,"template":"","format":"standard","meta":{"_et_pb_use_builder":"on","_et_pb_old_content":""},"categories":[6],"tags":[],"_links":{"self":[{"href":"http:\/\/congregaciondesantacruz.cl\/new\/wp-json\/wp\/v2\/posts\/2938"}],"collection":[{"href":"http:\/\/congregaciondesantacruz.cl\/new\/wp-json\/wp\/v2\/posts"}],"about":[{"href":"http:\/\/congregaciondesantacruz.cl\/new\/wp-json\/wp\/v2\/types\/post"}],"author":[{"embeddable":true,"href":"http:\/\/congregaciondesantacruz.cl\/new\/wp-json\/wp\/v2\/users\/1"}],"replies":[{"embeddable":true,"href":"http:\/\/congregaciondesantacruz.cl\/new\/wp-json\/wp\/v2\/comments?post=2938"}],"version-history":[{"count":1,"href":"http:\/\/congregaciondesantacruz.cl\/new\/wp-json\/wp\/v2\/posts\/2938\/revisions"}],"predecessor-version":[{"id":2952,"href":"http:\/\/congregaciondesantacruz.cl\/new\/wp-json\/wp\/v2\/posts\/2938\/revisions\/2952"}],"wp:featuredmedia":[{"embeddable":true,"href":"http:\/\/congregaciondesantacruz.cl\/new\/wp-json\/wp\/v2\/media\/2951"}],"wp:attachment":[{"href":"http:\/\/congregaciondesantacruz.cl\/new\/wp-json\/wp\/v2\/media?parent=2938"}],"wp:term":[{"taxonomy":"category","embeddable":true,"href":"http:\/\/congregaciondesantacruz.cl\/new\/wp-json\/wp\/v2\/categories?post=2938"},{"taxonomy":"post_tag","embeddable":true,"href":"http:\/\/congregaciondesantacruz.cl\/new\/wp-json\/wp\/v2\/tags?post=2938"}],"curies":[{"name":"wp","href":"https:\/\/api.w.org\/{rel}","templated":true}]}}